{"id":1315,"date":"2020-10-05T13:09:23","date_gmt":"2020-10-05T11:09:23","guid":{"rendered":"http:\/\/partiyakomunistekurdistan.org\/?p=1315"},"modified":"2020-10-08T03:23:52","modified_gmt":"2020-10-08T01:23:52","slug":"azeri-ve-ermeni-halklari-kardestir-artsakhta-savasa-ve-isgale-hayir","status":"publish","type":"post","link":"http:\/\/partiyakomunistekurdistan.org\/?p=1315","title":{"rendered":"AZER\u0130 VE ERMEN\u0130 HALKLARI KARDE\u015eT\u0130R, ARTSAKH\u2019TA SAVA\u015eA VE \u0130\u015eGALE HAYIR!"},"content":{"rendered":"\n<p><br>30 seneyi a\u015fk\u0131n bir s\u00fcredir devam eden Karaba\u011f sava\u015f\u0131nda 27 Eyl\u00fcl sabah\u0131 ate\u015fkesin bozulmas\u0131yla ba\u015flayan \u00e7at\u0131\u015fmalar hala s\u00fcrmekte. Bu sava\u015f b\u00f6lgeye n\u00fcfuz etmek isteyen \u00fc\u00e7\u00fcnc\u00fc devletlerin, emperyalist g\u00fc\u00e7lerin, enerji ve silah ticaretinin bir enstr\u00fcman\u0131 olarak kullan\u0131lmakta ve dolay\u0131s\u0131yla 1994 y\u0131l\u0131nda var\u0131lan ate\u015fkes kal\u0131c\u0131 bir bar\u0131\u015fa evrilememektedir.<br>1991 y\u0131l\u0131nda Da\u011fl\u0131k Karaba\u011f \u00f6zerk y\u00f6netiminin yapt\u0131\u011f\u0131 halkoylamas\u0131na halk\u0131n y\u00fczde 82\u2019si kat\u0131l\u0131m g\u00f6stermi\u015f ve y\u00fczde 99 evet oyu ile uluslar\u0131n kendi kaderini tayin hakk\u0131 ilkesi \u00e7er\u00e7evesinde ba\u011f\u0131ms\u0131zl\u0131k karar\u0131 al\u0131nm\u0131\u015ft\u0131r. Bu iradeyi silah zoruyla bast\u0131rmak isteyen Azerbaycan devleti Ermeni halk\u0131n\u0131n direni\u015fi kar\u015f\u0131s\u0131nda yenilmi\u015f ve b\u00f6lgeden \u00e7\u0131kar\u0131lm\u0131\u015ft\u0131r. Azerbaycan devleti, n\u00fcfusunun ezici \u00e7o\u011funlu\u011fu Ermenilerden olu\u015fan Artsakh (Da\u011fl\u0131k Karaba\u011f) b\u00f6lgesini i\u015fgal etmeye \u00e7al\u0131\u015fmaktad\u0131r. T\u00fcm d\u00fcnya taraflara ate\u015fkes \u00e7a\u011fr\u0131s\u0131 yaparken T\u00fcrkiye sava\u015f\u0131n taraf\u0131 oldu\u011funu ilan eden ve sava\u015f\u0131 k\u00f6r\u00fckleyen a\u00e7\u0131klamalar yapmaya devam etmektedir. T\u00fcrkiye medyas\u0131 t\u00fcm ger\u00e7ekleri tersy\u00fcz etmeye Ermeni halk\u0131n\u0131 kendi topra\u011f\u0131nda i\u015fgalci, sald\u0131rgan Azerbaycan ordusunu ise ma\u011fdur g\u00f6stermeye \u00e7al\u0131\u015fmaktad\u0131r. Bug\u00fcn bu \u00e7at\u0131\u015fman\u0131n fitilini ate\u015fleyen ve ate\u015fe s\u00fcrekli benzin d\u00f6ken Erdo\u011fan ve dolay\u0131s\u0131yla T\u00fcrkiye devletidir. Bu sava\u015fta T\u00fcrkiye Azerbaycan\u2019\u0131 sadece diplomatik olarak desteklememekte ona do\u011frudan asker ve silah deste\u011fi sa\u011flamaktad\u0131r. T\u00fcrkiye\u2019nin Suriye\u2019den dev\u015firdi\u011fi ve maa\u015fa ba\u011flad\u0131\u011f\u0131 cihat\u00e7\u0131lar yine Azerbaycan saflar\u0131nda sava\u015fmaktad\u0131r. Turan hayaliyle yap\u0131lan bu sava\u015f ku\u015fkusuz 1915 Ermeni Soyk\u0131r\u0131m\u0131n\u0131n devam\u0131 niteli\u011findedir. Rojava\u2019da K\u00fcrt halk\u0131na kar\u015f\u0131 TSK ve cihat\u00e7\u0131 \u00e7etelerin ortak y\u00fcr\u00fctt\u00fckleri etnik temizlik ve i\u015fgalin bir benzeri bu sefer Azerbaycan \u00fczerinden Ermeni halk\u0131na uygulanmak istenmektedir. Libya i\u00e7 sava\u015f\u0131na da ayn\u0131 y\u00f6ntemle m\u00fcdahil olan T\u00fcrkiye emrindeki paral\u0131 cihat\u00e7\u0131lar\u0131yla d\u00fcnya bar\u0131\u015f\u0131n\u0131 tehdit eden haydut bir \u00fclke haline gelmi\u015ftir.<br>\u0130\u00e7 ve d\u0131\u015f siyasette t\u00fcm politikalar\u0131 iflas eden Erdo\u011fan rejimi \u00e7\u0131k\u0131\u015f\u0131 t\u0131pk\u0131 \u00e7\u00f6k\u00fc\u015f d\u00f6nemindeki Osmanl\u0131 gibi bask\u0131 ve sava\u015fta g\u00f6rm\u00fc\u015ft\u00fcr. G\u00fcnden g\u00fcne yoksulla\u015fan emek\u00e7ilerin \u00f6rg\u00fctlenerek hak taleplerini y\u00fckseltmeleri milliyet\u00e7i, \u0130slamc\u0131 ve \u015fovenist politikalar ve yo\u011fun propaganda ile engellenmeye \u00e7al\u0131\u015f\u0131lmaktad\u0131r. Erdo\u011fan HDP d\u0131\u015f\u0131nda kalan muhalefeti emperyalist hayallerle kendi saflar\u0131nda toplamay\u0131 ba\u015farm\u0131\u015ft\u0131r. Binlerce HDP\u2019li siyaset\u00e7i ve muhalif ise hapishanelere doldurulmu\u015f, t\u00fcm HDP il belediyelerine hukuksuzca el konulmu\u015ftur. Kuzey K\u00fcrdistan halk\u0131n\u0131n iradesi gasp edilirken b\u00f6lgenin bir s\u00f6m\u00fcrge olarak g\u00f6r\u00fcld\u00fc\u011f\u00fc bir kez daha if\u015fa olmu\u015ftur. Bug\u00fcn K\u00fcrtlerin sadece K\u00fcrt olduklar\u0131 i\u00e7in lin\u00e7 edildikleri, i\u015fkence ile \u00f6ld\u00fcr\u00fcld\u00fckleri, Ermenilerin, Rumlar\u0131n, S\u00fcryanilerin s\u00fcrekli hedef g\u00f6sterildi\u011fi bir toplumsal atmosfer devlet eliyle yarat\u0131lm\u0131\u015ft\u0131r. HDP Milletvekili Garo Paylan sava\u015f kar\u015f\u0131t\u0131 a\u00e7\u0131klamalar\u0131ndan \u00f6t\u00fcr\u00fc gazete ilanlar\u0131 ile a\u00e7\u0131k\u00e7a tehdit edilmektedir. Tarihte bu siyasetin ac\u0131 sonu\u00e7lar\u0131 defalarca deneyimlenmi\u015ftir. Oysa Osmanl\u0131\u2019y\u0131 kurtarmayan T\u00fcrkiye\u2019yi de kurtaramayacakt\u0131r.<br>\u00c7\u0131karlar\u0131 i\u00e7in Ortado\u011fu\u2019yu, Kuzey Afrika\u2019y\u0131, Do\u011fu Akdeniz\u2019i, G\u00fcney Asya\u2019y\u0131 sava\u015f meydan\u0131na \u00e7eviren emperyalist g\u00fc\u00e7ler ve onlar\u0131n b\u00f6lge i\u015fbirlik\u00e7ileri \u015fimdide Kafkasya\u2019da barut f\u0131\u00e7\u0131s\u0131n\u0131 ate\u015flediler. S\u00f6m\u00fcrgeci, emperyalist ve kapitalist m\u00fcdahaleler olmadan karde\u015f\u00e7e birarada ya\u015fayacak olan halklar birlerine bo\u011fazlat\u0131lmak istenmekte. Azeri ve Ermeni halklar\u0131, T\u00fcrkler ve K\u00fcrtler, Araplar ve Farslar, S\u00fcryaniler ve \u00c7erkesler kendi kaderlerini kendileri belirleyerek birbirleriyle sorunsuzca ya\u015fayabilecekken, egemen olan kar, \u00e7\u0131kar, rant, do\u011fal kaynak ve pazar ili\u015fkileri halklar\u0131 birbirine d\u00fc\u015f\u00fcrmek istemektedir.<br>Bizler T\u00fcrkiyeli ve K\u00fcrdistan&#8217;l\u0131 devrimci ve demokratlar olarak sava\u015f\u0131n kazanan\u0131 olmad\u0131\u011f\u0131n\u0131, halklara sadece daha fazla yoksulluk ve \u00f6l\u00fcm getirdi\u011fini biliyoruz ve taraflar\u0131 ate\u015fkese davet ediyoruz. Bu ba\u011flamda T\u00fcrkiye\u2019nin ve Erdo\u011fan\u2019\u0131n sava\u015f\u0131 ve \u015fiddeti hem i\u00e7 hem d\u0131\u015f politikada ara\u00e7salla\u015ft\u0131ran siyasetini k\u0131n\u0131yoruz. T\u00fcrkiye\u2019yi ve Azerbaycan devletini uluslar\u0131n kendi kaderini tayin hakk\u0131n\u0131 tan\u0131maya ve b\u00f6lgeye y\u00f6nelik i\u015fgalci giri\u015fimlerden vazge\u00e7meye \u00e7a\u011f\u0131r\u0131yoruz. T\u00fcm d\u00fcnyadan bar\u0131\u015f yanl\u0131lar\u0131n\u0131 T\u00fcrkiye\u2019nin i\u015fgalci ve soyk\u0131r\u0131mc\u0131 politikalar\u0131na kar\u015f\u0131 \u00e7\u0131kmaya \u00e7a\u011f\u0131r\u0131yoruz.<br>Avrupa Demokratik G\u00fc\u00e7 Birli\u011fi<br>05 Ekim 2020<\/p>\n","protected":false},"excerpt":{"rendered":"<p>30 seneyi a\u015fk\u0131n bir s\u00fcredir devam eden Karaba\u011f sava\u015f\u0131nda 27 Eyl\u00fcl sabah\u0131 ate\u015fkesin bozulmas\u0131yla ba\u015flayan \u00e7at\u0131\u015fmalar hala s\u00fcrmekte. Bu sava\u015f b\u00f6lgeye n\u00fcfuz etmek isteyen \u00fc\u00e7\u00fcnc\u00fc devletlerin, emperyalist g\u00fc\u00e7lerin, enerji ve silah ticaretinin bir enstr\u00fcman\u0131 olarak kullan\u0131lmakta ve dolay\u0131s\u0131yla 1994 y\u0131l\u0131nda var\u0131lan ate\u015fkes kal\u0131c\u0131 bir bar\u0131\u015fa evrilememektedir.1991 y\u0131l\u0131nda Da\u011fl\u0131k Karaba\u011f \u00f6zerk y\u00f6netiminin yapt\u0131\u011f\u0131 halkoylamas\u0131na halk\u0131n y\u00fczde &hellip;<\/p>\n","protected":false},"author":2,"featured_media":1321,"comment_status":"closed","ping_status":"closed","sticky":false,"template":"","format":"standard","meta":[],"categories":[2],"tags":[],"_links":{"self":[{"href":"http:\/\/partiyakomunistekurdistan.org\/index.php?rest_route=\/wp\/v2\/posts\/1315"}],"collection":[{"href":"http:\/\/partiyakomunistekurdistan.org\/index.php?rest_route=\/wp\/v2\/posts"}],"about":[{"href":"http:\/\/partiyakomunistekurdistan.org\/index.php?rest_route=\/wp\/v2\/types\/post"}],"author":[{"embeddable":true,"href":"http:\/\/partiyakomunistekurdistan.org\/index.php?rest_route=\/wp\/v2\/users\/2"}],"replies":[{"embeddable":true,"href":"http:\/\/partiyakomunistekurdistan.org\/index.php?rest_route=%2Fwp%2Fv2%2Fcomments&post=1315"}],"version-history":[{"count":2,"href":"http:\/\/partiyakomunistekurdistan.org\/index.php?rest_route=\/wp\/v2\/posts\/1315\/revisions"}],"predecessor-version":[{"id":1356,"href":"http:\/\/partiyakomunistekurdistan.org\/index.php?rest_route=\/wp\/v2\/posts\/1315\/revisions\/1356"}],"wp:featuredmedia":[{"embeddable":true,"href":"http:\/\/partiyakomunistekurdistan.org\/index.php?rest_route=\/wp\/v2\/media\/1321"}],"wp:attachment":[{"href":"http:\/\/partiyakomunistekurdistan.org\/index.php?rest_route=%2Fwp%2Fv2%2Fmedia&parent=1315"}],"wp:term":[{"taxonomy":"category","embeddable":true,"href":"http:\/\/partiyakomunistekurdistan.org\/index.php?rest_route=%2Fwp%2Fv2%2Fcategories&post=1315"},{"taxonomy":"post_tag","embeddable":true,"href":"http:\/\/partiyakomunistekurdistan.org\/index.php?rest_route=%2Fwp%2Fv2%2Ftags&post=1315"}],"curies":[{"name":"wp","href":"https:\/\/api.w.org\/{rel}","templated":true}]}}