{"id":2253,"date":"2026-04-26T11:39:48","date_gmt":"2026-04-26T09:39:48","guid":{"rendered":"http:\/\/partiyakomunistekurdistan.org\/?p=2253"},"modified":"2026-04-26T11:39:57","modified_gmt":"2026-04-26T09:39:57","slug":"1-mayis-bayram-degil-direnis-ve-tarihsel-hesaplasma-guenueduer-kkp","status":"publish","type":"post","link":"http:\/\/partiyakomunistekurdistan.org\/?p=2253","title":{"rendered":"1 MAYIS;  BAYRAM DE\u011e\u0130L, D\u0130REN\u0130\u015e VE TAR\u0130HSEL HESAPLA\u015eMA G\u00dcN\u00dcD\u00dcR! KKP"},"content":{"rendered":"\n<p>\u0130\u015f\u00e7i s\u0131n\u0131f\u0131na, emek\u00e7ilere, ezilen halklara!<br>1 May\u0131s, egemenlerin sundu\u011fu gibi bir \u201cbayram\u201d de\u011fil; s\u00f6m\u00fcr\u00fcye, bask\u0131ya ve ink\u00e2ra kar\u015f\u0131 insanl\u0131\u011f\u0131n verdi\u011fi tarihsel m\u00fccadelenin simgesidir.<br>Bug\u00fcn, i\u015f\u00e7i s\u0131n\u0131f\u0131n\u0131n al\u0131n terinin sermaye taraf\u0131ndan gasp edildi\u011fi, halklar\u0131n ulusal haklar\u0131n\u0131n ink\u00e2r edildi\u011fi bir d\u00fcnyada; 1 May\u0131s, yaln\u0131zca ge\u00e7mi\u015fin an\u0131lmas\u0131 de\u011fil, gelece\u011fin kurulmas\u0131 \u00e7a\u011fr\u0131s\u0131d\u0131r.<br>S\u0131n\u0131fsal S\u00f6m\u00fcr\u00fc Derinle\u015fiyor; \u00c7eli\u015fkiler Keskinle\u015fiyor. Kapitalist sistem, eme\u011fi ucuzlatarak, g\u00fcvencesizli\u011fi yayg\u0131nla\u015ft\u0131rarak ve toplumsal zenginli\u011fi bir avu\u00e7 sermaye grubunun elinde yo\u011funla\u015ft\u0131rarak varl\u0131\u011f\u0131n\u0131 s\u00fcrd\u00fcrmektedir.<br>Bug\u00fcn i\u015f\u00e7i s\u0131n\u0131f\u0131 yaln\u0131zca ekonomik olarak de\u011fil, politik olarak da ku\u015fatma alt\u0131ndad\u0131r.<br>\u0130\u015fsizlik b\u00fcy\u00fcyor!<br>Yoksulluk kal\u0131c\u0131 hale geliyor!<br>Emek\u00e7iler \u00f6rg\u00fcts\u00fczle\u015ftiriliyor.<br>Bu tablo, kapitalizmin reformlarla de\u011fil, k\u00f6kl\u00fc bir d\u00f6n\u00fc\u015f\u00fcmle a\u015f\u0131labilece\u011fini bir kez daha g\u00f6stermektedir.<br>Ulusal Sorunlar:<br>S\u0131n\u0131f M\u00fccadelesinin Ayr\u0131lmaz Par\u00e7as\u0131d\u0131r.<br>Ezilen halklar\u0131n ulusal \u00f6zg\u00fcrl\u00fck m\u00fccadelesi, s\u0131n\u0131f m\u00fccadelesinin d\u0131\u015fsal de\u011fil, i\u00e7sel bir par\u00e7as\u0131d\u0131r.<br>Bir halk\u0131n kendi kaderini tayin hakk\u0131 yok say\u0131ld\u0131k\u00e7a, demokrasi de \u00f6zg\u00fcrl\u00fck de m\u00fcmk\u00fcn de\u011fildir.<br>Bug\u00fcn K\u00fcrdistan ba\u015fta olmak \u00fczere bir\u00e7ok co\u011frafyada,<br>halklar\u0131n kimli\u011fi ink\u00e2r edilmekte,<br>siyasal iradeleri bast\u0131r\u0131lmakta,<br>ulusal haklar\u0131 gasp edilmektedir.<br>Bu nedenle; 1 May\u0131s, yaln\u0131zca i\u015f\u00e7i s\u0131n\u0131f\u0131n\u0131n de\u011fil, ayn\u0131 zamanda ezilen halklar\u0131n \u00f6zg\u00fcrl\u00fck m\u00fccadelesinin de g\u00fcn\u00fcd\u00fcr.<br>1 May\u0131s:<br>Tarihsel \u00c7\u0131k\u0131\u015f\u0131n ve Direni\u015fin Ad\u0131d\u0131r.<br>1 May\u0131s\u2019\u0131n k\u00f6kleri, i\u015f\u00e7i s\u0131n\u0131f\u0131n\u0131n kanla yazd\u0131\u011f\u0131 bir direni\u015f tarihine dayan\u0131r.<br>Bu tarih, bize \u015funu \u00f6\u011fretir:<br>&#8220;Hak verilmez, al\u0131n\u0131r.&#8221;<br>Bug\u00fcn 1 May\u0131s;<br>Ge\u00e7mi\u015f m\u00fccadelelerin miras\u0131n\u0131 sahiplenme<br>Bug\u00fcn\u00fcn yenilgilerini ve eksikliklerini sorgulama,<br>gelece\u011fin devrimci hatt\u0131n\u0131 kurma g\u00fcn\u00fcd\u00fcr.<br>Bug\u00fcn:<br>Yeniden De\u011ferlendirme ve Saflar\u0131 S\u0131kla\u015ft\u0131rma G\u00fcn\u00fcd\u00fcr!<br>\u0130\u00e7inden ge\u00e7ti\u011fimiz s\u00fcre\u00e7, yaln\u0131zca bir kriz de\u011fil, ayn\u0131 zamanda bir yeniden yap\u0131lanma momentidir.<br>Emek ve halk g\u00fc\u00e7leri a\u00e7\u0131s\u0131ndan g\u00f6rev a\u00e7\u0131kt\u0131r:<br>Da\u011f\u0131n\u0131kl\u0131\u011f\u0131 a\u015fmak;<br>m\u00fccadeleyi birle\u015fik hale getirmek;<br>s\u0131n\u0131f ile ulusal \u00f6zg\u00fcrl\u00fck m\u00fccadelesini ortak bir hatta bulu\u015fturmakt\u0131r.<br>Devrim, ancak bu birle\u015fik m\u00fccadele hatt\u0131 \u00fczerinden m\u00fcmk\u00fcn olacakt\u0131r.<br>\u00c7a\u011fr\u0131m\u0131zd\u0131r:<br>\u00d6rg\u00fctlen, Diren, M\u00fccadeleyi B\u00fcy\u00fct!<br>Bizler biliyoruz ki:<br>Kapitalizm insanl\u0131\u011fa yoksulluk, sava\u015f ve y\u0131k\u0131m getirmektedir.<br>Bu d\u00fczen s\u00fcrd\u00fcr\u00fclemez.<br>Alternatif, \u00f6rg\u00fctl\u00fc halk\u0131n ve i\u015f\u00e7i s\u0131n\u0131f\u0131n\u0131n devrimci m\u00fccadelesidir.<br>Bu nedenle \u00e7a\u011fr\u0131m\u0131zd\u0131r:<br>\u0130\u015f\u00e7i s\u0131n\u0131f\u0131na:<br>\u00d6rg\u00fctlen!<br>Ezilen halklara:<br>Birle\u015f!<br>Gen\u00e7li\u011fe ve kad\u0131nlara: M\u00fccadeleye kat\u0131l!<br>1 MAYIS, GELECE\u011e\u0130 KURMA \u0130RADES\u0130D\u0130R!<br>1 May\u0131s, yaln\u0131zca bir g\u00fcn de\u011fil, bir y\u00f6nelimdir.<br>Bu y\u00f6nelim:<br>S\u00f6m\u00fcr\u00fcs\u00fcz bir d\u00fcnya;<br>\u00f6zg\u00fcr halklar;<br>e\u015fit ve adil bir toplum hedefidir!<\/p>\n\n\n\n<p><strong>Ya\u015fas\u0131n i\u015f\u00e7i s\u0131n\u0131f\u0131n\u0131n enternasyonal birli\u011fi!<\/strong><br>Ya\u015fas\u0131n i\u015f\u00e7i s\u0131n\u0131f\u0131n\u0131n birli\u011fi!<br>Ya\u015fas\u0131n halklar\u0131n \u00f6zg\u00fcrl\u00fck m\u00fccadelesi!<br><strong>B\u0130J\u00ce YEK GULAN!<\/strong> <\/p>\n\n\n\n<p>Ya\u015fas\u0131n 1 May\u0131s!<\/p>\n\n\n\n<p>1 May\u0131s 2026<\/p>\n\n\n\n<p>Partiya Kom\u00fcnist a K\u00fcrdistan (KKP)<\/p>\n\n\n\n<p>Merkez Komitesi<\/p>\n\n\n\n<p>26 Nisan 2026<\/p>\n\n\n\n<p><img loading=\"lazy\" width=\"710\" height=\"378\" class=\"wp-image-2092\" style=\"width: 450px;\" src=\"http:\/\/partiyakomunistekurdistan.org\/wp-content\/uploads\/2023\/06\/IMG-20221120-WA0003.jpg\" alt=\"\" srcset=\"http:\/\/partiyakomunistekurdistan.org\/wp-content\/uploads\/2023\/06\/IMG-20221120-WA0003.jpg 710w, http:\/\/partiyakomunistekurdistan.org\/wp-content\/uploads\/2023\/06\/IMG-20221120-WA0003-300x160.jpg 300w, http:\/\/partiyakomunistekurdistan.org\/wp-content\/uploads\/2023\/06\/IMG-20221120-WA0003-310x165.jpg 310w\" sizes=\"(max-width: 710px) 100vw, 710px\" \/><\/p>\n","protected":false},"excerpt":{"rendered":"<p>\u0130\u015f\u00e7i s\u0131n\u0131f\u0131na, emek\u00e7ilere, ezilen halklara!1 May\u0131s, egemenlerin sundu\u011fu gibi bir \u201cbayram\u201d de\u011fil; s\u00f6m\u00fcr\u00fcye, bask\u0131ya ve ink\u00e2ra kar\u015f\u0131 insanl\u0131\u011f\u0131n verdi\u011fi tarihsel m\u00fccadelenin simgesidir.Bug\u00fcn, i\u015f\u00e7i s\u0131n\u0131f\u0131n\u0131n al\u0131n terinin sermaye taraf\u0131ndan gasp edildi\u011fi, halklar\u0131n ulusal haklar\u0131n\u0131n ink\u00e2r edildi\u011fi bir d\u00fcnyada; 1 May\u0131s, yaln\u0131zca ge\u00e7mi\u015fin an\u0131lmas\u0131 de\u011fil, gelece\u011fin kurulmas\u0131 \u00e7a\u011fr\u0131s\u0131d\u0131r.S\u0131n\u0131fsal S\u00f6m\u00fcr\u00fc Derinle\u015fiyor; \u00c7eli\u015fkiler Keskinle\u015fiyor. Kapitalist sistem, eme\u011fi ucuzlatarak, g\u00fcvencesizli\u011fi &hellip;<\/p>\n","protected":false},"author":2,"featured_media":1719,"comment_status":"closed","ping_status":"closed","sticky":false,"template":"","format":"standard","meta":[],"categories":[12,20,13,14,18,16],"tags":[],"_links":{"self":[{"href":"http:\/\/partiyakomunistekurdistan.org\/index.php?rest_route=\/wp\/v2\/posts\/2253"}],"collection":[{"href":"http:\/\/partiyakomunistekurdistan.org\/index.php?rest_route=\/wp\/v2\/posts"}],"about":[{"href":"http:\/\/partiyakomunistekurdistan.org\/index.php?rest_route=\/wp\/v2\/types\/post"}],"author":[{"embeddable":true,"href":"http:\/\/partiyakomunistekurdistan.org\/index.php?rest_route=\/wp\/v2\/users\/2"}],"replies":[{"embeddable":true,"href":"http:\/\/partiyakomunistekurdistan.org\/index.php?rest_route=%2Fwp%2Fv2%2Fcomments&post=2253"}],"version-history":[{"count":1,"href":"http:\/\/partiyakomunistekurdistan.org\/index.php?rest_route=\/wp\/v2\/posts\/2253\/revisions"}],"predecessor-version":[{"id":2254,"href":"http:\/\/partiyakomunistekurdistan.org\/index.php?rest_route=\/wp\/v2\/posts\/2253\/revisions\/2254"}],"wp:featuredmedia":[{"embeddable":true,"href":"http:\/\/partiyakomunistekurdistan.org\/index.php?rest_route=\/wp\/v2\/media\/1719"}],"wp:attachment":[{"href":"http:\/\/partiyakomunistekurdistan.org\/index.php?rest_route=%2Fwp%2Fv2%2Fmedia&parent=2253"}],"wp:term":[{"taxonomy":"category","embeddable":true,"href":"http:\/\/partiyakomunistekurdistan.org\/index.php?rest_route=%2Fwp%2Fv2%2Fcategories&post=2253"},{"taxonomy":"post_tag","embeddable":true,"href":"http:\/\/partiyakomunistekurdistan.org\/index.php?rest_route=%2Fwp%2Fv2%2Ftags&post=2253"}],"curies":[{"name":"wp","href":"https:\/\/api.w.org\/{rel}","templated":true}]}}