{"id":271,"date":"2017-08-25T23:20:25","date_gmt":"2017-08-25T21:20:25","guid":{"rendered":"http:\/\/partiyakomunistekurdistan.org\/?p=271"},"modified":"2017-08-25T23:20:25","modified_gmt":"2017-08-25T21:20:25","slug":"sinan-ciftyuereke-acik-mektup-hueseyin-isli","status":"publish","type":"post","link":"http:\/\/partiyakomunistekurdistan.org\/?p=271","title":{"rendered":"S\u0130NAN \u00c7\u0130FTY\u00dcREK&#8217;E A\u00c7IK MEKTUP \/ H\u00dcSEY\u0130N \u0130\u015eL\u0130"},"content":{"rendered":"<p>Bir olay\u0131 tarih olduktan sonra b\u00fct\u00fcn y\u00f6nleriyle g\u00f6rmek, de\u011ferlendirmek ger\u00e7e\u011fi daha fazla ayd\u0131nlat\u0131yor. Bug\u00fcnden geriye do\u011fru 16 y\u0131ll\u0131k bir d\u00f6n\u00fc\u015f yaparak ya\u015fad\u0131klar\u0131m\u0131z\u0131 bir film \u015feridi gibi g\u00f6z\u00f6n\u00fcne getirdi\u011fimizde, bu noktaya geli\u015fimizi senin 16 y\u0131ld\u0131r ad\u0131m ad\u0131m \u00f6rd\u00fc\u011f\u00fcn\u00fc net bi\u00e7imde g\u00f6r\u00fcyoruz.<br \/>\n1- 2011 y\u0131l\u0131nda yap\u0131lan KKP II. Genel Konferans\u0131&#8217;nda b\u00fct\u00fcn konferans delegasyonu ve konferansa kat\u0131lan konuklar\u0131m\u0131z\u0131n \u00f6n\u00fcnde KKP Genel Sekreterli\u011fi ve parti \u00fcyeli\u011finden istifa ettin. Parti II. Genel Konferans\u0131 istifan\u0131 kabul etti. Konferans, partiyi 6. Kongre&#8217;ye ta\u015f\u0131yacak olan bir MK se\u00e7ti. MK de ayn\u0131 g\u00fcn toplanarak konferans\u0131n ald\u0131\u011f\u0131 kararlar\u0131 onaylad\u0131; kendi aras\u0131nda g\u00f6rev b\u00f6l\u00fcm\u00fc yapt\u0131 ve Genel Sekreteri&#8217;ni se\u00e7ti. Sen bunlar\u0131 saniye saniye g\u00f6rd\u00fcn, ya\u015fad\u0131n. Ama b\u00fct\u00fcn bu olup bitenleri \u00fclkedeki parti yap\u0131s\u0131ndan gizlemi\u015f; olup bitenleri do\u011fru d\u00fcr\u00fcst \u00fclkedeki yolda\u015flara anlatmam\u0131\u015f olmal\u0131s\u0131n ki bug\u00fcn kimi yolda\u015flar buradaki parti ger\u00e7ekli\u011fini senin uydurdu\u011fun &#8221;Avrupa&#8217;daki yolda\u015flar&#8221;, KKP MK ger\u00e7ekli\u011fini ise &#8221;KKP Avrupa MK&#8217;s\u0131&#8221;, ya da &#8221;Avrupa&#8217;daki KKP MK&#8217;s\u0131&#8221; bi\u00e7imindeki uyduruk kavramlarla tan\u0131ml\u0131yorlar. KKP Avrupa MK&#8217;s\u0131 da ne demek oluyor? \u015eimdiye kadar kullanmad\u0131\u011f\u0131n\u0131z bu uyduruk kavram birdenbire nas\u0131l meydana \u00e7\u0131kt\u0131? KKP parti \u00f6rg\u00fctlenmesi, II. Konferans ve onun kararlar\u0131n\u0131 onaylayan 6. Kongre&#8217;den bu yana kongre karar\u0131yla yurtd\u0131\u015f\u0131nda yap\u0131land\u0131r\u0131lm\u0131\u015ft\u0131r; bu, KKP Avrupa \u00d6rg\u00fct\u00fc de\u011fil; KKP&#8217;nin kendisidir; onun gerek 6. gerekse 7. Kongrelerinin se\u00e7ti\u011fi MK ise Avrupa MK&#8217;s\u0131 de\u011fil; KKP MK&#8217;dir; i\u00e7erde ya da d\u0131\u015farda, \u00f6rg\u00fctl\u00fc oldu\u011fu yerde ya da hen\u00fcz \u00f6rg\u00fctlenmedi\u011fi, ama \u00f6rg\u00fctlenmeyi hedefledi\u011fi her yerde KKP&#8217;yi temsil eden tek yetkili MK&#8217;dir. Partimizin ikinci bir paralel, yahut yan \u00f6rg\u00fct\u00fc yoktur. KKP MK&#8217;n\u0131n \u00fcst\u00fcnde, KKP Kongresi d\u0131\u015f\u0131nda ayr\u0131 bir \u00fcst organ yoktur; KKP Avrupa MK, KKP T\u00fcrkiye MK, KKP K\u00fcrdistan MK gibi uyduruk yap\u0131lar mevcut de\u011fildir; olmam\u0131\u015ft\u0131r ve k\u0131sa s\u00fcre \u00f6nce ula\u015fan bir ka\u00e7 e- mail d\u0131\u015f\u0131nda &#8221;Avrupa MK&#8221; kavram\u0131 kimse taraf\u0131ndan kullan\u0131lmam\u0131\u015ft\u0131r.<br \/>\nGiderekten insanlar\u0131 \u00e7akt\u0131rmadan al\u0131\u015ft\u0131rmaya \u00e7al\u0131\u015ft\u0131\u011f\u0131n\u0131z bu kavramlar\u0131n kar\u015f\u0131l\u0131\u011f\u0131 yoktur; \u00d6SP \u0130stanbul MYK&#8217;s\u0131, \u00d6SP Ankara Parti Meclisi, \u00d6SP Antep MYK&#8217;s\u0131 ne kadar sa\u00e7ma kavramlarsa KKP Avrupa MK&#8217;s\u0131 da o kadar sa\u00e7mad\u0131r. Ancak bu sa\u00e7ma kavramlar\u0131n bilin\u00e7li bir tercihle kullan\u0131ld\u0131\u011f\u0131 anla\u015f\u0131l\u0131yor.<br \/>\nKKP&#8217;nin bug\u00fcnk\u00fc bu yap\u0131lanmas\u0131, konumlanmas\u0131 ve \u00f6rg\u00fctlenme tarz\u0131 II. Genel Konferansta senin getirdi\u011fin bir \u00f6neriydi Sinan \u00c7ifty\u00fcrek. O zaman II. Konferans; daha sonra da 6. Kongre bu \u00f6neri do\u011frultusunda KKP&#8217;yi yeniden yap\u0131land\u0131rd\u0131; t\u00fcm \u00fcye kay\u0131tlar\u0131 g\u00f6zden ge\u00e7irildi ve yenilendi, KKP&#8217;nin g\u00f6vdesi ve MK&#8217;s\u0131 senin bu \u00f6nerin do\u011frultusunda yurtd\u0131\u015f\u0131nda konumland\u0131r\u0131ld\u0131. \u00dclkede parti \u00f6rg\u00fctlenmesi bir nevi feshedilmi\u015f oldu. Eski KKP \u00fcyeleri legal parti kurulu\u015funda g\u00f6rev \u00fcstlendi.<br \/>\nBunlar\u0131 unutmu\u015f gibi ikide bir adeta &#8221;erkekseniz \u00fclkeye gelirsiniz&#8221; tarz\u0131nda kabaday\u0131l\u0131k taslaman\u0131z bo\u015f palavrac\u0131l\u0131kt\u0131r; provokatif, k\u0131\u015fk\u0131rt\u0131c\u0131, &#8221;subjektif niyetli&#8221; bir tutumdur. Partimiz KKP&#8217;nin merkezinin yahut herhangi bir \u00f6rg\u00fct\u00fcn\u00fcn nerede, nas\u0131l konumlanaca\u011f\u0131na Partimizin  kendi kongresi, konferans\u0131, merkez komitesi karar verir. \u00d6n\u00fcm\u00fczdeki kongremizin ele alaca\u011f\u0131 konulardan biri zaten budur.<br \/>\nKarl Marx&#8217;\u0131n dedi\u011fi gibi &#8221;i\u015f\u00e7ilerin vatan\u0131 yoktur&#8221;. Herbiri de\u011fi\u015fik tarihlerde Avrupa&#8217;ya g\u00f6\u00e7men veya m\u00fclteci olarak gelmi\u015f olan yolda\u015flar\u0131m\u0131z\u0131n hemen hepsi burada bizzat \u00fcretim ve i\u015f s\u00fcre\u00e7lerine kat\u0131lm\u0131\u015f ve devrimci &#8211; kom\u00fcnist kimliklerine ek olarak d\u00fcped\u00fcz proleterle\u015fmi\u015flerdir. Havada bulup tavada yiyen parti \u00fcyemiz yoktur. \u00dcyelerimiz aras\u0131nda devrimcilik ad\u0131na \u00fcretimden kopuk, parazit\u00e7e ya\u015fayan; ya da partinin s\u0131rt\u0131ndan ge\u00e7inen hi\u00e7  kimse yoktur.<br \/>\nD\u00fcnya kom\u00fcnist ve ulusal kurtulu\u015f hareketlerinin tarihini bilen herkes bilir ki despotik, fa\u015fist, diktat\u00f6ryel rejimlerin bulundu\u011fu \u00fclkelerde \u015fartlara, gerekliliklere uygun olarak partiler, hareketler ve \u015fahsiyetler d\u00fc\u015fman\u0131n uzanmas\u0131n\u0131n nisbeten daha zor oldu\u011fu alanlarda konumlanabilirler. Bu, biz K\u00fcrtler i\u00e7in haydi haydi ge\u00e7erlidir. Devrimi hedeflemi\u015f bir K\u00fcrdistan partisi ya \u00fclkenin kurtar\u0131lm\u0131\u015f alanlar\u0131 varsa oralarda, ya da\u011flarda ya s\u0131k\u0131 illegalite ko\u015fullar\u0131 alt\u0131nda kendi yurt topraklar\u0131nda ba\u015f\u0131 ve g\u00f6vdesiyle konumlanabilir. Genel Sekreterinin \u0130stanbul&#8217;da a\u00e7\u0131k a\u00e7\u0131k dola\u015ft\u0131\u011f\u0131, illegalitecilik oynayan; ama illegalitesi d\u00fc\u015fmandan \u00e7ok kendi i\u00e7 yap\u0131s\u0131na d\u00f6n\u00fck olan acaip bir \u00f6rg\u00fctlenme ile devrimci bir \u00f6rg\u00fctlenme yarat\u0131lamaz. Tarih g\u00f6stermi\u015ftir ki T\u00fcrk devleti, K\u00fcrt siyasal \u00f6nderlerinin Ankara&#8217;da, \u0130stanbul&#8217;da k\u0131sacas\u0131 kendi kontrol\u00fc alt\u0131ndaki alanlarda ve tabii onun m\u00fcsamaha etti\u011fi \u00f6l\u00e7\u00fclerde faaliyet yapmalar\u0131ndan pek fazla rahats\u0131z olmuyor. Ama kontrol alt\u0131nda tutamad\u0131klar\u0131n\u0131 kendi alan\u0131na \u00e7ekmek i\u00e7in her t\u00fcrl\u00fc \u00e7abay\u0131 sarfediyor, gerekirse gidip g\u00f6r\u00fc\u015f\u00fcyor, vaatler veriyor, varsa mahkemeleri onlar\u0131 bile gerekti\u011finde has\u0131ralt\u0131 ediyor. Bu somut ger\u00e7ekleri do\u011fru yorumlamamak, do\u011fru g\u00f6rmememek, s\u0131n\u0131f m\u00fccadelesi ve ulusal kurtulu\u015f m\u00fccadelesi tarihinde do\u011fru anlam vermemek neticesinde ula\u015faca\u011f\u0131n\u0131z yer ucube d\u00fc\u015f\u00fcnceler \u00fcretmek, demagoji yapmak olur.<br \/>\nK\u00fcrdistan ulusal kurtulu\u015f m\u00fccadelesinin b\u00fct\u00fcn par\u00e7alar\u0131m\u0131zdaki \u00f6nderlikleri \u00e7o\u011fu zaman yurtd\u0131\u015f\u0131nda konumland\u0131lar; bunu herkes bilir. Filistin Kurtulu\u015f Hareketinin stat\u00fc elde edinceye kadar \u00fclke d\u0131\u015f\u0131nda konumland\u0131\u011f\u0131n\u0131 bilmeyen var m\u0131? B\u00fcy\u00fck Ekim Devriminin haz\u0131rlay\u0131c\u0131s\u0131 olan partinin \u00f6nderlerinin b\u00fcy\u00fck k\u0131sm\u0131n\u0131n y\u0131llarca Avrupa&#8217;da konumlanmak zorunda kald\u0131\u011f\u0131n\u0131 bilmeyen yoktur. K\u00fcrdistan devrim tarihi K\u00fcrt siyasal liderlerin, e\u011fer d\u00fc\u015fman i\u00e7in bir tehdit te\u015fkil ediyorlarsa, hi\u00e7 bir yerde &#8221;g\u00fcvenlik&#8221; i\u00e7inde olmad\u0131klar\u0131n\u0131n kan\u0131tlar\u0131yla doludur. \u0130-KDP Genel Sekreteri Abdurrahman Kas\u0131mlo ve yolda\u015flar\u0131 13 Temmuz 1989&#8217;da Viyana&#8217;da \u0130ran ajanlar\u0131nca katledildiler. Ondan sonraki Genel Sekreter Sad\u0131k \u015eerefkendi yolda\u015flar\u0131yla birlikte 1992&#8217;de Berlin&#8217;de katledildiler. PKK kurucular\u0131ndan Sakine Cans\u0131z ve yolda\u015flar\u0131 Paris&#8217;te katledildiler. Suriye KDP&#8217;nin Genel Sekreteri Nureddin Zaza&#8217;n\u0131n mezar\u0131 Lozan&#8217;dad\u0131r. Y\u0131lmaz G\u00fcney, Ahmet Kaya Paris Kom\u00fcnarlar\u0131yla yan yana yat\u0131yorlar. T\u00fck Kom\u00fcnisti \u015fair Naz\u0131m Hikmet Moskova&#8217;da d\u00fcnyan\u0131n her taraf\u0131ndan kom\u00fcnistlerle, i\u015f\u00e7ilerle yan yana yat\u0131yor. Bizim yolda\u015flar\u0131m\u0131z Te\u011fmen Ali, Mustafa \u00c7etiner, \u0130mam Ate\u015f Filistinli \u015fehitlerle ayn\u0131 mezarl\u0131klarda yat\u0131yorlar.<br \/>\nHal b\u00f6yleyken &#8221;\u00fclkeye gelin&#8221; diye ba\u011f\u0131rman\u0131n kendini tatmin etmekten \u00f6te bir de\u011feri yoktur. &#8221;\u00dclkeye gelin&#8221; dediklerinizle bu saatten sonra hangi ortak m\u00fccadelede, ortak \u00f6rg\u00fctlenmede yer alacaks\u0131n\u0131z? Siz bunca entrika, dalavere ve polim \u00e7evirdikten sonra kim sizinle birlikte yol y\u00fcr\u00fcr?<br \/>\nDaha da \u00f6tesi siz parti kurumlar\u0131m\u0131z\u0131n ve partili yolda\u015flar\u0131m\u0131z\u0131n konumland\u0131klar\u0131 yerleri tart\u0131\u015ft\u0131rarak I. ve II. \u00d6SP Kongresine buradan gelip kat\u0131lan, her bak\u0131mdan destek sunan; i\u00e7inde durdu\u011funuz parti binalar\u0131n\u0131n kiralar\u0131n\u0131 \u00f6deyen, yazd\u0131\u011f\u0131n\u0131z kalem ve ka\u011f\u0131da kadar size hediye eden \u00fclke d\u0131\u015f\u0131ndaki b\u00fct\u00fcn i\u015f\u00e7i ve emek\u00e7i yolda\u015flara en hafif deyimle sayg\u0131s\u0131zl\u0131k yap\u0131yorsunuz.<br \/>\nII- Evet S. \u00c7ifty\u00fcrek sen pratik olarak 2011 KKP II. Genel Konferans\u0131nda KKP&#8217;den istifa etmene ra\u011fmen ger\u00e7ek anlamda, d\u00fc\u015f\u00fcnsel olarak 2000&#8217;li y\u0131llar\u0131n ba\u015f\u0131nda MESOP projesi ile birlikte KKP senin i\u00e7in esasen bitmi\u015fti. 2003 y\u0131l\u0131nda MESOP kurulu\u015f s\u00fcrecini ba\u015flatt\u0131\u011f\u0131n\u0131zda ilk panellerinizden birini Z\u00fcrich&#8217;in KUT\u00dcSCH derne\u011finde vermi\u015ftiniz. Panelin moderat\u00f6r\u00fc ben oldu\u011fum i\u00e7in yanyana oturuyorduk. Panelin soru cevap k\u0131sm\u0131nda sana dinleyicilerden y\u00f6neltilen &#8221;Peki Sinan yolda\u015f siz madem MESOP kuruyorsunuz; ba\u015far\u0131lar; ama KKP&#8217;yi ne yapacaks\u0131n\u0131z?&#8221; sorusuna sen hi\u00e7 cevap vermedin; senin yerine KKP ile hi\u00e7bir organik ba\u011f\u0131 olmayan di\u011fer panelist &#8221;o i\u015f bitmi\u015ftir, tamamd\u0131r&#8221; diye cevap verdi. Panelin bitiminde salonda bulunan (bizim d\u0131\u015f\u0131m\u0131zdaki) herkes &#8221;Sinan \u00c7ifty\u00fcre\u011fin KKP&#8217;yi kafas\u0131nda bitirdi\u011fini&#8221; anlam\u0131\u015flard\u0131. Ama biz yolda\u015f\u0131m\u0131z\u0131n bize takkiye yapaca\u011f\u0131n\u0131 anlamam\u0131\u015ft\u0131k&#8230;<br \/>\nSen buraya her geli\u015finde i\u015fte &#8221;ben Mehmet&#8217;le \u015f\u00f6yle anla\u015ft\u0131m, b\u00f6yle anla\u015ft\u0131m; KKP&#8217;nin durumu dahil g\u00f6r\u00fc\u015f birli\u011findeyiz&#8221; diyordun. Ne hikmetse 10 y\u0131la yak\u0131n s\u00fcrd\u00fcrd\u00fc\u011f\u00fcn MESOP \u00e7al\u0131\u015fmas\u0131n\u0131 ba\u015far\u0131yla sonu\u00e7land\u0131ramadan ne yaz\u0131k ki Mehmet (Akyol) yolda\u015f \u00f6nce bu projeden geri \u00e7ekildi; sonra bu d\u00fcnyadan g\u00f6\u00e7\u00fcp gitti. MESOP da \u0130nternet sayfalar\u0131na g\u00f6\u00e7 eden bir proje olarak g\u00f6\u00e7\u00fcp gitti. Rahmetliyi nas\u0131l bilirdiniz sorusuna cemaat usulen &#8221;iyi bilirdik&#8221; diye cevap verince, &#8221;vay be ben bu kadar iyimiymi\u015fim&#8221; diye aniden do\u011frulan cenazenin kafas\u0131 musalla ta\u015f\u0131na \u00e7arpt\u0131ktan sonrad\u0131r ki, proje son nefesini verdi ve mezara g\u00f6m\u00fcld\u00fc.<br \/>\nIII- Geldik \u00d6SP s\u00fcrecine. Bu s\u00fcre\u00e7te yeni bir Mehmet yolda\u015f buldun. Birlikte yola \u00e7\u0131kt\u0131n\u0131z. Bizimle her konu\u015ftu\u011funda bu sefer yine ayn\u0131 tekerlemeyi tekrarl\u0131yordun: &#8221;Ben Mehmet&#8217;le KKP dahil her konuda anla\u015ft\u0131m (dikkat et ortada kurumlar yok; sen ve Mehmet anla\u015f\u0131yorsunuz)&#8221; diyordun. Ne hikmetse \u00d6SP&#8217;nin kurulu\u015f a\u015famas\u0131nda bu Mehmet yolda\u015fla da anla\u015famad\u0131n. Son anda, \u00d6SP`nin kurulu\u015f asamasinda yollar\u0131n\u0131z ayr\u0131ld\u0131. Bizim gelenekten olmayan bir iki yolda\u015fla birlikte, esas olarak bizim gelene\u011fimize dayanarak \u00d6SP`nin kurulu\u015funu ger\u00e7ekle\u015ftirdin.<br \/>\nIV- \u00d6SP kurulduktan sonra KKP ne yapt\u0131? Neler yapt\u0131\u011f\u0131m\u0131z parti ar\u015fivlerinde yer al\u0131yor. K\u0131saca tekrarlayacak olursak: KKP ekonomik, siyasal, d\u00fc\u015f\u00fcnsel b\u00fct\u00fcn imkanlar\u0131n\u0131 sizlere sundu, \u00d6SP&#8217;ye destek oldu. Sen buraya al\u0131\u015fageldi\u011fin gibi bir iki ki\u015fiyle g\u00f6r\u00fc\u015fmeler, toplant\u0131lar yapma niyetiyle geldi\u011finde bizler geni\u015f kitlelerin kat\u0131ld\u0131\u011f\u0131 paneller d\u00fczenledik. Geni\u015f salon toplant\u0131lar\u0131 yapt\u0131k, d\u00fczenledi\u011fimiz Newroz kutlamalar\u0131na sizleri \u00f6n plana \u00e7\u0131karmak i\u00e7in konu\u015fmac\u0131 olarak \u00e7a\u011f\u0131rd\u0131k. S\u0131rf \u00d6SP&#8217;nin propagandas\u0131 olsun diye.<br \/>\nV- \u00d6yle g\u00f6r\u00fcn\u00fcyor ki \u015fimdi de yeni bulmu\u015f oldu\u011fun \u00fc\u00e7\u00fcnc\u00fc bir Mehmet&#8217;le KKP&#8217;yi tasfiye etme plan\u0131n\u0131n son a\u015famas\u0131n\u0131 icra etmek istiyorsun. Ama KKP&#8217;nin feshi projeni do\u011frudan kendin yapma yerine, bu i\u015fi partimizin 7. Kongresince se\u00e7ilmi\u015f Merkez Komitesine yapt\u0131rarak tarihsel sorumlulu\u011fu bu yolda\u015flar\u0131m\u0131z\u0131n \u00fcst\u00fcne y\u0131kmaya \u00e7al\u0131\u015f\u0131yorsun. Parti MK senin bu oyunlar\u0131n\u0131 g\u00f6r\u00fcp diren\u00e7 g\u00f6sterince ba\u015fta MK&#8217;miz olmak \u00fczere kimi parti \u00fcyelerimize kar\u015f\u0131 itibars\u0131zla\u015ft\u0131rma kampanyas\u0131na start verdin.<br \/>\nPeki soruyorum: Madem KKP&#8217;nin feshedilmesini \u00e7ok zaruri g\u00f6r\u00fcyorsun; 7. Kongremizde sana yeniden se\u00e7me &#8211; se\u00e7ilme hakk\u0131 verildi, oy kullanma hakk\u0131 tan\u0131nd\u0131. Y\u00fcre\u011fin at\u0131yorduysa sen ve Avrupa s\u00f6zc\u00fcn ekibinizi kurup neden yeniden MK&#8217;ne aday olup \u00e7antanda bulunan KKP&#8217;yi feshetme ajandan\u0131 kendi ellerinle uygulamay\u0131 tercih etmedin? Belki de kongrede MK&#8217;ne se\u00e7ilir, ajandan\u0131 uygulamaya MK i\u00e7inde \u00f6nderlik eder, projeni ger\u00e7ekle\u015ftirmeye \u00e7al\u0131\u015f\u0131rd\u0131n. Parti \u00f6rg\u00fct\u00fcm\u00fcz\u00fcn hangi tepkiyi verece\u011fini hep beraber g\u00f6r\u00fcrd\u00fck.<br \/>\nVI- 12 Eyl\u00fcl zindanlar\u0131nda , h\u00fccrelerinde bedeniyle, beyniyle kom\u00fcnizm davas\u0131n\u0131 savunan herkesin kendisinden sayg\u0131yla s\u00f6z etti\u011fi; KKP&#8217;ye y\u00f6nelik 1986 polis darbesi nedeniyle partinin t\u00fcm ba\u015f\u0131 ve g\u00f6vdesinin da\u011f\u0131ld\u0131\u011f\u0131, iskeletinin i\u00e7erde oldu\u011fu d\u00f6nemde bir kuru\u015f para, imkan, mekan, Avrupa deste\u011fi olmadan partiyi yeniden toparlayan; yeni ili\u015fkiler yaratan ve partimizin III. Kongre&#8217;sini yapabilir d\u00fczeye gelmesine \u00f6nderlik eden Baba yolda\u015f\u0131m\u0131z\u0131 nas\u0131l &#8221;d\u00fc\u015fman&#8221; kategorisine sokup, itibars\u0131zla\u015ft\u0131rabilirsin? Baba yolda\u015f ve di\u011fer yolda\u015flar vaktiyle sana Genel Sekreter s\u0131fat\u0131n\u0131, art\u0131k \u00e7oktand\u0131r ta\u015f\u0131mad\u0131\u011f\u0131n ama halen g\u00f6lgesini kullanmaya devam etti\u011fin bu s\u0131fat\u0131, bu emaneti partiye ve kendilerine kar\u015f\u0131 silah olarak kullanman i\u00e7in mi verdiler?<br \/>\nVII- Besbelli ki \u015fimdi de gizli pazarl\u0131klar\u0131nda \u00fc\u00e7\u00fcnc\u00fc Mehmed&#8217;e s\u00f6z vermi\u015fsin. Senin i\u00e7in KKP, \u00d6SP bir yana; \u00fc\u00e7\u00fcnc\u00fc bir Mehmed&#8217;e verdi\u011fin s\u00f6z bir yana&#8230; Verdi\u011fin s\u00f6z gere\u011fi KKP&#8217;nin ad\u0131n\u0131, tarihini, haf\u0131zas\u0131n\u0131 silmek istiyorsun; kendi partin \u00d6SP kongresinde hem KKP&#8217;nin uzun ad\u0131n\u0131 almay\u0131 hem de k\u0131sa ad\u0131n\u0131 de\u011fi\u015ftirmeyi \u00f6neriyorsun. Bu ad de\u011fi\u015ftirme Tuncay Atmacalar\u0131m\u0131z\u0131, Halil Ulu\u011flar\u0131m\u0131z\u0131; H\u00fcseyin Elmaslar\u0131m\u0131z\u0131; Devrimci Alilerimizi, Evrim Alata\u015flar\u0131m\u0131z\u0131, Hasso ve D\u00f6nd\u00fc yolda\u015flar\u0131m\u0131z\u0131, daha bir \u00e7ok isimli isimsiz kahraman\u0131m\u0131z\u0131 unutturmak de\u011filse nedir?<br \/>\nVIII- Gelelim sana emanet edilen partiyi ne yapt\u0131\u011f\u0131na. \u015eimdiye kadar yapt\u0131klar\u0131n\u0131n bir hesab\u0131n\u0131 yap\u0131p, kendi kendine &#8221;ben ne yap\u0131yorum&#8221; diye soraca\u011f\u0131na, \u00f6zele\u015ftirini yapaca\u011f\u0131na partiyi g\u00fc\u00e7ten d\u00fc\u015f\u00fcrmek i\u00e7in elinden gelen \u00e7abay\u0131 \u0131srarla s\u00fcrd\u00fcr\u00fcyorsun. B\u00fct\u00fcn enerjini partiyi zay\u0131flatmaya verece\u011fine; istifa etti\u011fin bir kurumdan mert\u00e7e elini \u00e7ek. Kendi partine enerjini ver, bir t\u00fcrl\u00fc b\u00fct\u00fcnle\u015femedi\u011fin \u00fclkemizin g\u00fcndemini yakala; partin \u00d6SP&#8217;yi g\u00fc\u00e7lendir. Tabii bir g\u00fc\u00e7 ve yetene\u011fin varsa.<br \/>\nIX- Ama \u015fimdiye kadar yapt\u0131klar\u0131n, bundan sonra yapacaklar\u0131n\u0131n g\u00f6stergesidir. Bak senin \u00f6nc\u00fcl\u00fck etti\u011fin ve her seferinde partide yaratt\u0131\u011f\u0131n kimi krizlerin sonu\u00e7lar\u0131:<br \/>\na- Parti bas\u0131n\u0131n\u0131 \u0130stanbul&#8217;dan K\u00fcrdistan&#8217;a ta\u015f\u0131yoruz diye partinin bas\u0131n yap\u0131s\u0131n\u0131 da\u011f\u0131tt\u0131n, bas\u0131n\u0131 bir &#8211; iki ki\u015fiyle Anteb&#8217;e g\u00f6nderdin. (Sen \u0130stanbul&#8217;da kald\u0131n). Nihayet tamamen kapatt\u0131n, \u0130nternet yay\u0131nc\u0131l\u0131\u011f\u0131 ile yetinir oldun.<br \/>\nb- &#8221;\u00dc\u00e7 b\u00f6lgede \u00f6rg\u00fctlenme&#8221; dedin, &#8221;Ya yolda\u015f bu senin takti\u011fin Allah\u0131n sana g\u00f6nderdi\u011fi bir vahiy de\u011fil; e\u011fer uygulanam\u0131yorsa y\u0131rt at&#8221; dememize ra\u011fmen sen gene vahyine inand\u0131n, \u0131srar ettin, ta ki bir grup yolda\u015f\u0131 partiden atana kadar. Bunu becerdikten sonra da yapt\u0131\u011f\u0131n bir toplant\u0131da &#8221;bu karar h\u00fck\u00fcms\u00fczd\u00fcr&#8221; dedin ve kald\u0131rd\u0131n. Tabii partide tahribat yaratt\u0131ktan sonra.<br \/>\nc- T\u00fcrk s\u00f6m\u00fcrgeci g\u00fc\u00e7lerinin K\u00fcrt sorununu \u00e7\u00f6zeceklerine \u00e7ocuk gibi inand\u0131n. \u00d6yle ki 2010 y\u0131l\u0131nda verdi\u011fin bir panelde &#8221;Bizim Urfal\u0131lar inanmad\u0131klar\u0131 bir \u015feyi he, he diye ge\u00e7i\u015ftirirler; ama bir \u015feye inand\u0131lar m\u0131 Hah derler. Ben inan\u0131yorum ki TC bu kez Hah dedi, K\u00fcrt sorununu \u00e7\u00f6zecek&#8221; diye inan\u00e7la konu\u015ftun. Bu inanc\u0131n sonucu olarak da &#8221;Yetmez ama Evet&#8221; diyerek partiye g\u00fc\u00e7 ve itibar kaybettirdin; Tayyip Erdo\u011fan&#8217;\u0131n ve AKP&#8217;nin iktidarlar\u0131n\u0131 peki\u015ftirmesine katk\u0131 sundun.<br \/>\nd- Cumhurba\u015fkanl\u0131\u011f\u0131 se\u00e7imlerinde &#8221;Boykot&#8221; karar\u0131 alarak bir kez daha partiyi itibars\u0131zla\u015ft\u0131rd\u0131n, g\u00fc\u00e7ten d\u00fc\u015f\u00fcrd\u00fcn; Newroz Gazetesine att\u0131rd\u0131\u011f\u0131n ba\u015fl\u0131kla gazeteye aboneli\u011fi bitirerek Newroz&#8217;un kapanmas\u0131n\u0131 sa\u011flad\u0131n ve K\u00fcrdistan kom\u00fcnist hareketini yay\u0131n organs\u0131z b\u0131rakt\u0131n.<br \/>\ne- Antep&#8217;te kurulan Kad\u0131n Vakf\u0131&#8217;n\u0131 da\u011f\u0131tt\u0131n.<br \/>\nf- Gen\u00e7lik \u00f6rg\u00fctlenmesini tasfiye ederek, adeta bizleri geleceksiz b\u0131rakt\u0131n.<br \/>\ng- K\u00fcrdistan kom\u00fcnist hareketinin \u00f6nderlerinden, \u00d6SP kurucular\u0131ndan ve \u00d6SP il \u00f6rg\u00fct\u00fc kurucular\u0131ndan Tuncay Atmaca yolda\u015f\u0131m\u0131z\u0131n aram\u0131zdan ayr\u0131lmas\u0131ndan sonra \u0130zmir \u00d6SP \u015fubesini kapatarak K\u00fcrdistan kom\u00fcnistlerini \u0130zmir&#8217;den sildin.<br \/>\nh- 7 Haziran genel se\u00e7imlerinde KKP ve \u00d6SP&#8217;nin oybirli\u011fiyle seni milletvekili aday g\u00f6stermelerine ra\u011fmen bir hafta sonra \u00d6SP Parti Meclisi&#8217;ni toplayarak, &#8221;beni \u00f6l\u00fcme g\u00f6nderiyorsunuz&#8221; diyerek milletvekili aday\u0131 olmaktan \u00e7ekildin. (Ama hakk\u0131n\u0131 yememek laz\u0131m: HDP milletvekili ve belediye ba\u015fkanlar\u0131n\u0131n ba\u015f\u0131na gelecekleri daha o g\u00fcnden g\u00f6rm\u00fc\u015fs\u00fcn. Helal olsun sana.) Se\u00e7imlerdeki tavr\u0131 ise Rudaw&#8217;a yapt\u0131\u011f\u0131n a\u00e7\u0131klamada &#8221;taban\u0131m\u0131z\u0131n zorlamas\u0131yla al\u0131nm\u0131\u015f bir tav\u0131r&#8221; olarak izah ettin.<br \/>\nB\u00fct\u00fcn bu olup bitenlerden sonra sen ne yapt\u0131n? Bir t\u00fcrl\u00fc \u00fclkemizin g\u00fcndemi ile ba\u011f kuramad\u0131\u011f\u0131ndan b\u00fct\u00fcn yukarda sayd\u0131\u011f\u0131m g\u00fc\u00e7 kayb\u0131ndan sonra suni g\u00fcndem yaratmak i\u00e7in Avrupa&#8217;da Fransa, Almanya ve \u0130svi\u00e7re&#8217;de &#8221;Kom\u00fcnistlerin Birli\u011fi&#8221; konu ba\u015fl\u0131kl\u0131 paneller d\u00fczenleyece\u011fini KKP MK&#8217;ne bildirdin. Partimizin MK&#8217;s\u0131 bu konu ba\u015fl\u0131kl\u0131 panellerin sayd\u0131\u011f\u0131n \u00fclkelerde zemini olmad\u0131\u011f\u0131n\u0131, ilgi g\u00f6rmeyece\u011fini, buralara gelip gereksiz g\u00fc\u00e7, zaman, finans kayb\u0131na neden olaca\u011f\u0131n\u0131; K\u00fcrdistan&#8217;\u0131n bir k\u00f6y\u00fcne gitmenin daha yararl\u0131 olaca\u011f\u0131n\u0131 iletmesine ra\u011fmen; sen bildi\u011finden \u0131srar ettin ve bu \u00fc\u00e7 \u00fclkedeki panellerini ger\u00e7ekle\u015ftirmek \u00fczere 3 Ocak 2017 me\u015fhur Worms toplant\u0131n\u0131 ger\u00e7ekle\u015ftirdin. Ve milyonlarca K\u00fcrdistanl\u0131 ve T\u00fcrkiyeli&#8217;nin ya\u015fad\u0131\u011f\u0131 Avrupa&#8217;da sadece \u00fc\u00e7 ki\u015fiyle toplant\u0131 d\u00fczenleyip gittin.<br \/>\nYukarda sayd\u0131\u011f\u0131m b\u00fct\u00fcn bu ele\u015ftirilerimizi sana s\u00f6zl\u00fc &#8211; yaz\u0131l\u0131 iletmemize ra\u011fmen bu ele\u015ftirilerimize kulak t\u0131kayarak meseleyi ki\u015fiselle\u015ftirdin ve &#8221;Bunlar\u0131n hepsi Kemal&#8217;in ba\u015f\u0131n\u0131n alt\u0131ndan \u00e7\u0131k\u0131yor&#8221; dedin. Buna cevap olarak partimizin 7. Kongresi \u00f6ncesinde sana buraya gelip Kemal yolda\u015fla y\u00fczle\u015febilece\u011fini, varsa problemleriniz giderip \u00f6yle Kongre&#8217;ye gelebilece\u011finizi; bunu da Baba yolda\u015f gibi bir iki yolda\u015f\u0131 da yan\u0131n\u0131za alarak birlikte yapaca\u011f\u0131n\u0131z bir toplant\u0131da ger\u00e7ekle\u015ftirebilece\u011finizi iletmeme ve senin de kabul etmene ra\u011fmen sen buraya de\u011fil 1500 kilometre daha kuzeye, Hamburg&#8217;a u\u00e7arak adeta y\u00fczle\u015fmekten ka\u00e7t\u0131n.<br \/>\nPartimizin II. Genel Konferans\u0131nda konferans\u0131m\u0131z\u0131n de\u011ferli delegasyonu ve sayg\u0131de\u011fer misafirlerimizin huzurunda sen partideki b\u00fct\u00fcn g\u00f6revlerinden ve parti \u00fcyeli\u011finden istifa etmi\u015ftin; aynen seni kopyalayan \u00d6\u2026 yolda\u015f da partimizden III. Genel Konferans esnas\u0131nda t\u00fcm delegelerimiz ve konuklar\u0131m\u0131z\u0131n g\u00f6zleri \u00f6n\u00fcnde istifa etti. Ve bug\u00fcn yaygara kopararak partimiz &#8221;MK&#8217;s\u0131n\u0131n kimi yolda\u015flar\u0131 partiden att\u0131\u011f\u0131n\u0131&#8221; s\u00f6yl\u00fcyorsunuz. Oysa 8. Kongre s\u00fcrecine girdi\u011fimiz i\u00e7in partimizin MK&#8217;s\u0131n\u0131n ne yeni \u00fcye kaydetme, ne de bir \u00fcyeyi atma gibi bir karar\u0131 yoktur. Yeni \u00fcye kayd\u0131 ve kay\u0131t silme i\u015flemi kongremiz sonu\u00e7lan\u0131ncaya kadar dondurulmu\u015ftur. MK&#8217;m\u0131z yeni \u00fcye alma veya \u00fcye atma konusunda bu kadar titiz ve hassas davran\u0131rken sizlerin MK&#8217;da oldu\u011funuz d\u00f6nemde yapt\u0131\u011f\u0131n\u0131z ne idi? Ar\u015fivler parti MK&#8217;s\u0131nda duruyor. Senin ve \u00d6\u2026. alt\u0131nda imzan\u0131z olan kararlar var. \u00c7ok say\u0131da yolda\u015f\u0131m\u0131z\u0131 eften p\u00fcften gerek\u00e7elerle partiden atm\u0131\u015fs\u0131n\u0131z. 2004 y\u0131l\u0131nda yay\u0131nlad\u0131\u011f\u0131n\u0131z bir genelge MK&#8217;n\u0131n az say\u0131da merkezi organ d\u0131\u015f\u0131ndaki b\u00fct\u00fcn parti \u00fcyelerinin \u00fcyeliklerini silme karar\u0131 ald\u0131\u011f\u0131n\u0131 yaz\u0131yor. Bunun gibi \u015fah\u0131slara iletilmi\u015f \u00fcyelikten atma mektuplar\u0131 var. Ne b\u00fcy\u00fck onur!<br \/>\nK\u00fcrdistan&#8217;da, T\u00fcrkiye&#8217;de, Ortado\u011fu&#8217;da \u00e7ok \u00f6nemli geli\u015fmeler ve de\u011fi\u015fimler olurken, sen sanki bu gezegende ya\u015fam\u0131yorsun; \u00fclkemizin g\u00fcndemi seni hi\u00e7 ilgilendirmiyor. Varsa yoksa senin &#8221;iktidar\u0131n&#8221; etraf\u0131nda d\u00f6n\u00fcp duruyorsun. Ger\u00e7ekten yaz\u0131k K\u00fcrdistan kom\u00fcnist hareketine. \u00dclkemizin g\u00fcndemine, prati\u011fine kafa yoraca\u011f\u0131na, varsa yoksa partimizin emektar, k\u0131demli kadrolar\u0131n\u0131 nas\u0131l tasfiye ederim derdindesin.<br \/>\nPeki bir daha soruyorum: Madem \u00e7antanda KKP&#8217;yi feshetme ajandan var; neden istifa ediyorsun? Kal ve ajandan\u0131 uygula. \u00dcstelik 7. Kongremiz sana oy kullanma hakk\u0131 da verdi; istifan\u0131 geri \u00e7eker, MK&#8217;ya aday olur, ekibini kurar ve MK&#8217;ya girerek partimizi feshetme plan\u0131n\u0131 uygulard\u0131n. Ama bunun yerine, yapmak istediklerini partimizin MK&#8217;s\u0131na yapt\u0131rmak istiyorsun. B\u00fct\u00fcn mesele bu. K\u0131rm\u0131z\u0131 kart\u0131 da g\u00f6r\u00fcnce ba\u015fl\u0131yorsun demagoji yapmaya, sald\u0131rganla\u015fmaya.<br \/>\nSonu\u00e7 olarak: son 35 y\u0131ld\u0131r senin \u00f6nderli\u011finde yap\u0131lan politika, taktik ve \u00f6rg\u00fctsel yakla\u015f\u0131m partimizi yerinde saymaktan \u00f6teye g\u00f6t\u00fcrmedi. \u00c7al\u0131\u015fma tarz\u0131n ve maliye politikalar\u0131nla partinin emekleri ve al\u0131nterleriyle yarat\u0131lan ekonomik de\u011ferlerini, yerli yerinde kullanmad\u0131n, adeta har vurup harman savurdun. En son vard\u0131\u011f\u0131n noktada partiyi fesh ve tasfiye etmeyi; onu \u00d6SP&#8217;ye katmay\u0131 g\u00fcndeme getirdin. Partinin k\u0131demli kadrolar\u0131na kar\u015f\u0131 karalama kampanyas\u0131 a\u00e7t\u0131n. B\u00fct\u00fcn bu giri\u015fimlerinle bizlere H\u00fcseyin Elmaslardan, Devrimci Alilerden, Halil Ulu\u011flardan, Tuncay Atmacalardan, Te\u011fmen Alilerden ve daha onlarca \u015fehit ve kahramanlar\u0131m\u0131zdan emanet kalan partimizi g\u00fc\u00e7 kayb\u0131na u\u011fratt\u0131\u011f\u0131n ve buna ba\u011fl\u0131 olarak partiyi geriye g\u00f6t\u00fcrd\u00fc\u011f\u00fcn i\u00e7in nas\u0131l ki KKP y\u00f6netiminden ve \u00fcyeli\u011finden istifa ettiysen \u00d6SP y\u00f6netiminde de hemen \u015fimdi istifa ederek yerini gen\u00e7 yolda\u015flara b\u0131rakmal\u0131s\u0131n. Sen diyorsun ya &#8221;20. YY devrimleri geri \u00e7ekildi&#8221;; \u015fimdi geri \u00e7ekilme s\u0131ras\u0131 sende. Bu hareketi 35 y\u0131ld\u0131r sen y\u00f6netiyorsun; geldi\u011fimiz nokta ortada. \u015eimdi s\u0131ra gen\u00e7 yolda\u015flarda, b\u0131rak 4 y\u0131l da gen\u00e7lerimiz y\u00f6netsin, varsa bir yetene\u011fin gen\u00e7lere yard\u0131mc\u0131 ol, destekle, sana g\u00f6re y\u00fczde y\u00fcz yanl\u0131\u015f kararlar alsalar da yolda\u015flar\u0131n kararlar\u0131na sayg\u0131l\u0131 ol, gen\u00e7leri g\u00fc\u00e7ten d\u00fc\u015f\u00fcrmeye kalk\u0131\u015fma. KKP&#8217;ye dayatt\u0131\u011f\u0131n \u00f6rg\u00fctlenme anlay\u0131\u015f\u0131n\u0131 onlara dayatma; bakal\u0131m 4 y\u0131l sonra ne olacak? Ama ben fikrimi \u015fimdiden s\u00f6yleyeyim: gen\u00e7 yolda\u015flar \u00d6SP&#8217;yi mutlaka ve mutlaka senden daha iyi ve do\u011fru y\u00f6netecekler, daha ileri noktalara ta\u015f\u0131yacaklard\u0131r.<br \/>\nSamimi bir tarzda bunlar\u0131 yap; sonra git sitende haftal\u0131k makalelerini yaz; BOP&#8217;un Kuzey K\u00fcrdistan&#8217;\u0131 denkleme sokmas\u0131n\u0131 bekle! \u015eimdiden yolun a\u00e7\u0131k olsun.<br \/>\nBir noktay\u0131 belirtmeden ge\u00e7meyece\u011fim: AMED ve di\u011fer \u015fehirlerimizde K\u00fcrdistan yurtsever devrimci demokratlar\u0131n \u00f6nderlik etti\u011fi NEWROZ&#8217;lara kat\u0131lmad\u0131\u011f\u0131n\u0131z\u0131 biliyoruz. Ama KKP&#8217;nin \u00f6nc\u00fcl\u00fck etti\u011fi NEWROZ kutlamas\u0131na &#8221;kat\u0131lmay\u0131n&#8221; kampanyan\u0131z\u0131 kom\u00fcnistler hi\u00e7 ama hi\u00e7 UNUTMAYACAKTIR.<br \/>\n23 \u015eubat 2017<br \/>\nH\u00fcseyin \u0130\u015fli<\/p>\n","protected":false},"excerpt":{"rendered":"<p>Bir olay\u0131 tarih olduktan sonra b\u00fct\u00fcn y\u00f6nleriyle g\u00f6rmek, de\u011ferlendirmek ger\u00e7e\u011fi daha fazla ayd\u0131nlat\u0131yor. Bug\u00fcnden geriye do\u011fru 16 y\u0131ll\u0131k bir d\u00f6n\u00fc\u015f yaparak ya\u015fad\u0131klar\u0131m\u0131z\u0131 bir film \u015feridi gibi g\u00f6z\u00f6n\u00fcne getirdi\u011fimizde, bu noktaya geli\u015fimizi senin 16 y\u0131ld\u0131r ad\u0131m ad\u0131m \u00f6rd\u00fc\u011f\u00fcn\u00fc net bi\u00e7imde g\u00f6r\u00fcyoruz. 1- 2011 y\u0131l\u0131nda yap\u0131lan KKP II. Genel Konferans\u0131&#8217;nda b\u00fct\u00fcn konferans delegasyonu ve konferansa kat\u0131lan konuklar\u0131m\u0131z\u0131n &hellip;<\/p>\n","protected":false},"author":2,"featured_media":272,"comment_status":"closed","ping_status":"closed","sticky":false,"template":"","format":"standard","meta":[],"categories":[18,19],"tags":[],"_links":{"self":[{"href":"http:\/\/partiyakomunistekurdistan.org\/index.php?rest_route=\/wp\/v2\/posts\/271"}],"collection":[{"href":"http:\/\/partiyakomunistekurdistan.org\/index.php?rest_route=\/wp\/v2\/posts"}],"about":[{"href":"http:\/\/partiyakomunistekurdistan.org\/index.php?rest_route=\/wp\/v2\/types\/post"}],"author":[{"embeddable":true,"href":"http:\/\/partiyakomunistekurdistan.org\/index.php?rest_route=\/wp\/v2\/users\/2"}],"replies":[{"embeddable":true,"href":"http:\/\/partiyakomunistekurdistan.org\/index.php?rest_route=%2Fwp%2Fv2%2Fcomments&post=271"}],"version-history":[{"count":1,"href":"http:\/\/partiyakomunistekurdistan.org\/index.php?rest_route=\/wp\/v2\/posts\/271\/revisions"}],"predecessor-version":[{"id":273,"href":"http:\/\/partiyakomunistekurdistan.org\/index.php?rest_route=\/wp\/v2\/posts\/271\/revisions\/273"}],"wp:featuredmedia":[{"embeddable":true,"href":"http:\/\/partiyakomunistekurdistan.org\/index.php?rest_route=\/wp\/v2\/media\/272"}],"wp:attachment":[{"href":"http:\/\/partiyakomunistekurdistan.org\/index.php?rest_route=%2Fwp%2Fv2%2Fmedia&parent=271"}],"wp:term":[{"taxonomy":"category","embeddable":true,"href":"http:\/\/partiyakomunistekurdistan.org\/index.php?rest_route=%2Fwp%2Fv2%2Fcategories&post=271"},{"taxonomy":"post_tag","embeddable":true,"href":"http:\/\/partiyakomunistekurdistan.org\/index.php?rest_route=%2Fwp%2Fv2%2Ftags&post=271"}],"curies":[{"name":"wp","href":"https:\/\/api.w.org\/{rel}","templated":true}]}}