{"id":45,"date":"2017-07-27T01:12:00","date_gmt":"2017-07-26T23:12:00","guid":{"rendered":"http:\/\/partiyakomunistekurdistan.org\/?p=45"},"modified":"2017-07-27T01:12:00","modified_gmt":"2017-07-26T23:12:00","slug":"kuerdistan-komuenist-partisi-kkpavrupa-konferansi-sonuc-bildirisi-2007","status":"publish","type":"post","link":"http:\/\/partiyakomunistekurdistan.org\/?p=45","title":{"rendered":"K\u00dcRD\u0130STAN KOM\u00dcN\u0130ST PART\u0130S\u0130 (KKP)AVRUPA KONFERANSI SONU\u00c7 B\u0130LD\u0130R\u0130S\u0130 2007"},"content":{"rendered":"<p>K\u00dcRD\u0130STAN KOM\u00dcN\u0130ST PART\u0130S\u0130 (KKP)<br \/>\nAVRUPA KONFERANSI SONU\u00c7 B\u0130LD\u0130R\u0130S\u0130<br \/>\nYolda\u015flar partimiz KKP Avrupa \u00f6rg\u00fct\u00fcn\u00fcn 12. ola\u011fan konferans\u0131 Haziran 2007\u2019de topland\u0131. A\u011f\u0131rl\u0131kl\u0131 olarak Almanya, Fransa, \u0130svi\u00e7re ve Danimarka\u2019daki delege yolda\u015flar\u0131n kat\u0131l\u0131m sa\u011flad\u0131\u011f\u0131 konferans\u0131m\u0131za, di\u011fer \u00fclkelerdeki delege yolda\u015flar ellerinde olmayan nedenlerden dolay\u0131 kat\u0131lamad\u0131lar. Buna ra\u011fmen konferansa olan ilgi ve kat\u0131l\u0131m olduk\u00e7a g\u00f6rkemli ve \u00e7o\u015fkuluydu.<br \/>\nKonferans partimizin, K\u00fcrdistan ve t\u00fcm d\u00fcnya devrim \u015fehitleri ad\u0131na yap\u0131lan bir dakkikl\u0131k sayg\u0131 duru\u015fundan sonra, a\u00e7\u0131l\u0131\u015f konu\u015fmasyla ve kat\u0131l\u0131mc\u0131lara verilen sunumun ard\u0131ndan divan se\u00e7imi yap\u0131larak ba\u015fland\u0131. KKP Avrupa \u00f6rg\u00fct\u00fcn\u00fcn haz\u0131rlam\u0131\u015f oldu\u011fu g\u00fcndem divan taraf\u0131ndan delege yolda\u015flara sunuldu ve al\u0131nan onay\u0131n ard\u0131ndan tart\u0131\u015fmalara ge\u00e7ildi.<br \/>\nAvrupa konferans\u0131n\u0131n \u00fczerinde durdu\u011fu ve \u00f6ne \u00e7\u0131kan belli ba\u015fl\u0131 temel sorunlar \u015funlard\u0131r;<br \/>\n1. D\u00fcnya\u2019da, b\u00f6lgemizde ve \u00fclkemizdeki son siyasal geli\u015fmeler.<br \/>\n2. Mevcut \u00f6rg\u00fctsel sorunlar\u0131m\u0131z ve yeni y\u00f6neli\u015fler.<br \/>\n3. \u00d6n\u00fcm\u00fczdeki s\u00fcre\u00e7te politik-pratik m\u00fccadelede esas al\u0131nmas\u0131 gereken belli ba\u015fl\u0131 temel \u00e7izgiler.<br \/>\n4. Parti kaynaklar ve mali disiplinin yarat\u0131lmas\u0131.<br \/>\nKabul edilen g\u00fcndem \u0131\u015f\u0131\u011f\u0131nda konferans\u0131m\u0131z \u015fu sonu\u00e7lara vard\u0131;<br \/>\nReel sosyalizmin \u00e7\u00f6z\u00fclmesinin ard\u0131ndan, iki kutuplu d\u00fcnya yerini tek kutuplu emperyalist metrepol merkezlerin kendi aras\u0131ndaki \u00e7\u0131kar ve \u00e7at\u0131\u015fmalara b\u0131rakt\u0131. Bu do\u011frultuda d\u00fcnyada yeni bir \u00fc\u00e7\u00fcnc\u00fc payla\u015f\u0131m sava\u015f\u0131 ya\u015fan\u0131yor. \u00d6zellikle Avrasya stratejisi do\u011frultusunda, yeni enerji koridorlar\u0131n\u0131 ele ge\u00e7irmek i\u00e7in, ABD ve Rusya\u2019n\u0131n ba\u015f\u0131n\u0131 \u00e7ekti\u011fi rekabet ve buna paralel AB gibi emperyalist g\u00fc\u00e7 odaklar\u0131n\u0131n kendi aralar\u0131ndaki rekabetler, her gecen g\u00fcn \u00e7e\u015fitli gerilimlere d\u00f6n\u00fc\u015ferek irili ufakl\u0131 \u00e7at\u0131\u015fma ve sava\u015flara d\u00f6n\u00fc\u015fmektedir. \u00dclemizde ve b\u00f6lgemizdeki ekonomik, siyasal bunal\u0131mlar\u0131n k\u00f6klerinin i\u00e7eride oldu\u011fu kadar, ayn\u0131 zamanda bu emperyalist payla\u015f\u0131m ve rekabetin bir \u00fcr\u00fcn\u00fc olarak da kendisini a\u00e7\u0131\u011fa vurdu\u011funu son ya\u015fanan siyasal geli\u015fmelerle daha somut g\u00f6r\u00fcyoruz.<br \/>\n\u00dclkemizdeki ve b\u00f6lgemizdeki gerici devlet ve y\u00f6ntemlerin, emperyalist g\u00fc\u00e7 odaklar\u0131yla kar\u015f\u0131l\u0131kl\u0131 \u00e7\u0131karlar do\u011frultusunda \u0131rk\u00e7\u0131l\u0131\u011f\u0131 ve \u015fovenizmi bilin\u00e7li olarak t\u0131rmand\u0131rarak, b\u00f6lge karde\u015f halklar\u0131n\u0131 biribirine k\u0131rd\u0131rma politikas\u0131n\u0131 s\u00fcrd\u00fcrmektedirler. \u0130\u00e7inde ge\u00e7ti\u011fimiz s\u00fcre\u00e7te \u00f6zellikle fa\u015fist T\u00fcrk devletinin, K\u00fcrt halk\u0131na kar\u015f\u0131 ge\u00e7mi\u015fte oldu\u011fu gibi bug\u00fcnde ret ve inkar politikas\u0131n\u0131 devam ettirerek, ayn\u0131 zamanda a\u00e7\u0131k\u00e7a K\u00fcrtleri birincil d\u00fc\u015fman ve tehdit olarak g\u00f6stermesi ve bu do\u011frultuda milliyet\u00e7ilik k\u0131\u015fk\u0131rtmalar\u0131yla olas\u0131 bir K\u00fcrt-T\u00fcrk \u00e7at\u0131\u015fmas\u0131n\u0131n zeminlerini haz\u0131rlamaktad\u0131rlar. \u0130ran, Suriye ve Irak a\u00e7\u0131s\u0131ndan durum bundan fakl\u0131 de\u011fil.<br \/>\nEmperyalist ve gerici b\u00f6lge devletlerinin \u0131rk\u00e7\u0131 ve \u015foven politikalar\u0131 sonucu K\u00fcrt halk\u0131n\u0131n b\u00f6lge karde\u015f halklar\u0131yla \u00e7at\u0131\u015fma zemini g\u00fc\u00e7lendiriliyor. Potansiyel olarak muazzam imkan ve olanaklara sahip K\u00fcrdistan ulusal \u00f6zg\u00fcrl\u00fck hareketi, kendisinin ve b\u00f6lgedeki i\u015f\u00e7i-emek\u00e7i karde\u015f halklar\u0131n \u00e7\u0131karlar\u0131 do\u011frultusunda, bu emek\u00e7i halk kitlelerinin ve onlar\u0131n \u00f6nc\u00fclerinin deste\u011fiyle devrimci, ilerici kanallara aktar\u0131lmal\u0131d\u0131r. Bu do\u011frultuda partimiz KKP halk\u0131m\u0131z\u0131 ve b\u00f6lge karde\u015f emek\u00e7i halklar\u0131 egemen g\u00fc\u00e7lerin milli yarar siyasetine kar\u015f\u0131, halklar\u0131n \u00f6zg\u00fcr birli\u011fini ve kayna\u015fmas\u0131n\u0131 esas alan bir do\u011frultuda devrimci pratik-politik m\u00fccadelle bayra\u011f\u0131n\u0131 birlikte y\u00fckseltmeye \u00e7a\u011f\u0131r\u0131yor.<br \/>\nT\u00fcrkiye gerici rejimi kritik bir noktaya geldi. Bu tespit bizzat rejimin en yetkili a\u011f\u0131zlar\u0131 taraf\u0131ndan a\u00e7\u0131k\u00e7a dillendiriliyor. Sermaye, ordu ve burjuva siyasi parti temsilcileri, gerici rejimin bekas\u0131 i\u00e7in kenetlenmi\u015f durumdalar. A\u00e7\u0131k tehdit ve d\u00fc\u015fman olarak K\u00fcrt halk\u0131n\u0131n\u0131n \u00f6zg\u00fcrl\u00fck m\u00fccadellesi g\u00f6steriliyor. Bu m\u00fccadelleyi bo\u011fmak i\u00e7in her t\u00fcrl\u00fc i\u011fren\u00e7 y\u00f6ntemler kullan\u0131l\u0131yor. Son s\u00fcre\u00e7te T\u00fcrk milliyet\u00e7ili\u011fi her y\u00f6n\u00fcyle alabildi\u011fine t\u0131rmand\u0131r\u0131larak, toplumsal ya\u015fam\u0131n her alan\u0131na, her kesmine ta\u015f\u0131n\u0131yor. \u00d6yle ki T\u00fcrkiye solunda belli bir kesim ulusalc\u0131-sol olarak milliyet\u00e7ile\u015fip geri\u00e7ile\u015fiyor. \u00d6zellikle bu s\u00fcre\u00e7te T\u00fcrkiyede tutarl\u0131 bir sol-sosyal demokrat harekete ihtiya\u00e7 var.<br \/>\nT\u00fcrk ve K\u00fcrt halk\u0131n\u0131n devrimci, ilerici demokratik cephesini geli\u015ftirmek ilerletmek \u00e7ok \u00f6nemli. Bundan dolay\u0131 \u00f6n\u00fcm\u00fczdeki yap\u0131lacak se\u00e7imlerden sonra KKP olarak; K\u00fcrdistan\u2019a \u00f6zg\u00fcrl\u00fck, T\u00fcrkiye\u2019ye demokrasi \u015fiar\u0131n\u0131 \u00f6ne \u00e7\u0131kartarak, ilerici, yurtsever, devrimci, demokrat sol-sosyalist ba\u011f\u0131ms\u0131z adaylar\u0131 destekleyip, fa\u015f\u0131st milliyet\u00e7ili\u011fe kar\u015f\u0131 \u00f6zg\u00fcrl\u00fck ve sosyalizm bayra\u011f\u0131n\u0131 y\u00fckseltmeliyiz.<br \/>\nT\u00fcm d\u00fcnya kom\u00fcnist hareketinin oldu\u011fu gibi bizimde en \u00f6nemli sorunlar\u0131m\u0131z\u0131n ba\u015f\u0131nda gelen \u00f6rg\u00fct ve \u00f6rg\u00fctlenme meselesidir. Adeta b\u00fcy\u00fck yenilgi y\u0131llar\u0131n\u0131n i\u00e7inden ge\u00e7iyoruz.bu olumsuz s\u00fcre\u00e7te ne kadar az zayiat verirsek gelece\u011fi kurma konusunda o kadar avantajl\u0131 oluruz. Ya\u015fad\u0131\u011f\u0131m\u0131z \u00f6rg\u00fctsel kriz ve a\u00e7mazlar sadece bize \u00f6zg\u00fc bir durum de\u011fil. Yukarda belirtti\u011fimiz gibi d\u00fcnya kom\u00fcnist hareketinin y\u00fcz y\u00fcze oldu\u011fu bir durum ve bizde o b\u00fct\u00fcn\u00fcn bir par\u00e7as\u0131y\u0131z. Ya\u015fad\u0131\u011f\u0131m\u0131z \u00f6rg\u00fctsel kriz ve gerilemenin teorik arka plan\u0131n\u0131 kavramam\u0131z gerekiyor. Bu yap\u0131lmadan \u00f6znel ve nesnel nedenleri anlamak ve sonu\u00e7lar \u00e7\u0131karmak olduk\u00e7a zor. De\u011fi\u015fen d\u00f6n\u00fc\u015fen d\u00fcnyan\u0131n sorunlar\u0131n\u0131 anlay\u0131p kavramak ve bu do\u011frultuda devrimci \u00e7\u00f6z\u00fcmler \u00fcretmek, devrimcilik ve gelece\u011fi kurmak a\u00e7\u0131s\u0131ndan \u00f6nemlidir.<br \/>\n\u00d6yle ki; kuru ajitasyon ve propagandayla, ahbap-\u00e7avu\u015f, kafa-kol ili\u015fkisiyle b\u00fcy\u00fcy\u00fcp geli\u015fmeyi de\u011fil, ya\u015fam\u0131 bir b\u00fct\u00fcn olarak d\u00fc\u015f\u00fcn\u00fcp, bilimsel \u00e7\u0131karsamalarla politika yapmam\u0131z gerekiyor. Bu do\u011frultuda \u00f6\u011fretmenlerden \u00f6\u011frenmeye ihtiyac\u0131 var, yakla\u015f\u0131m\u0131 esas alarak bol bol okumal\u0131y\u0131z. Partinin ve m\u00fccadellenin niteli\u011fini geli\u015ftirmek buna ba\u011fl\u0131. Halk\u0131n \u00f6\u011fretmeni olan \u00f6rg\u00fct m\u00fchedislerinin de, halktan \u00f6\u011frenece\u011fi \u015feyler var, bilinciyle davranmam\u0131z gerekiyor. Toplumun \u00f6nc\u00fcl\u00fc\u011f\u00fcne soyunmu\u015f devrimci kadrolar\u0131n toplum i\u00e7erisindeki tutum ve davran\u0131\u015flar\u0131 olduk\u00e7a \u00f6nemlidir. Bu konuda K\u00fcrdistan\u2019da sosyalizm m\u00fccadellesine g\u00f6n\u00fcl veren devrimci kadrolar b\u00fcy\u00fck bir g\u00f6rev ve hassasiyetle y\u00fcz y\u00fczedirler.<br \/>\nParti olarak uzun zamand\u0131r pratik-politik faaliyetlerden koptuk. Daha \u00e7ok ideolojik teorik sorunlarla u\u011fra\u015ft\u0131k. \u00d6n\u00fcm\u00fczdeki s\u00fcre\u00e7te a\u011f\u0131rl\u0131kl\u0131 olarak pratik faaliyetlere y\u00f6n\u00fcm\u00fcz\u00fc d\u00f6nerek, geli\u015fmelere kar\u015f\u0131 tutum almak, Newroz, 1 May\u0131s, 6 May\u0131s, 13 Mart, Halep\u00e7e &#8230;. vb \u00f6zel g\u00fcnlerde pratik aktiviteyi t\u0131rmand\u0131rarak, partimizin temel \u015fiarlar\u0131n\u0131 amblem ve sembollerimzi \u00f6ne \u00e7\u0131kartaca\u011f\u0131z.<br \/>\nKapitalizm gelmi\u015f oldu\u011fu a\u015fama itiba\u0131 ile bir d\u00fcnya sistemi durumunda. Sistemin gelmi\u015f oldu\u011fu bu a\u015fama, kendisinin tarihsel fiziksel s\u0131n\u0131rlar\u0131 oldugu gibi, ayn\u0131 zamanda t\u00fcm toplumsal yap\u0131y\u0131da tepeden t\u0131rna\u011fa bir b\u00fct\u00fcn olarak kurumlar\u0131yla, tek tek bireyleriyle krize s\u00fcr\u00fckleyip toplumsal \u00e7\u00f6z\u00fclmeyi ve dejenerasyonu t\u0131rmand\u0131r\u0131yor. Ulus devletten siyasal partilere, sendikalardan sivil toplum kurulu\u015flar\u0131na, \u00e7ekirdek aileden bireye kadar bir \u00e7\u00f6z\u00fclme ve etkisizle\u015fme s\u00f6z konusudur. Bu denli b\u00fcy\u00fck ve kapsaml\u0131 sorunlarla y\u00fcz y\u00fczeyiz. Bu ve benzeri capl\u0131 sorunlar\u0131n \u00fcstesinden gelmek her y\u00f6n\u00fcyle g\u00fc\u00e7l\u00fc bir Kom\u00fcnist partiyi yaratmaktan ge\u00e7iyor.bunun i\u00e7in b\u00fct\u00fcn yolda\u015flar\u0131, sempatizanlar\u0131, kadrolar\u0131 dostlar\u0131 KKP ve onun kavgas\u0131na omuz vermeye \u00e7a\u011f\u0131r\u0131yoruz.<br \/>\nKonferans\u0131m\u0131z\u0131n \u00fczerinde durdu\u011fu \u00f6nemli di\u011fer bir sorun Avrupa\u2019daki g\u00f6\u00e7menler olgusudur. Bilindi\u011fi gibi g\u00f6\u00e7menlik siyasal, ekonomik ve sosyal kaynakl\u0131 uluslararas\u0131 boyutu olan ve her ge\u00e7en g\u00fcn t\u0131rmanarak geli\u015fen bir sorun te\u015fkil ediyor. Ve son y\u0131llarda bu durumla ilgili Avrupa\u2019da milliyet\u00e7ilik bilin\u00e7li olarak egemen g\u00fc\u00e7ler taraf\u0131ndan geli\u015ftiriliyor. G\u00f6\u00e7menler ya\u015fam\u0131n her alan\u0131nda, d\u0131\u015flan\u0131p horlan\u0131yor. Sald\u0131r\u0131lara ve hakaretlere maruz kal\u0131yor. K\u0131sacas\u0131 g\u00f6\u00e7menlikten kaynaklanan y\u0131\u011f\u0131nla sorun ya\u015f\u0131yoruz. Biz kendimizi \u00f6nemseyip kendimize de\u011fer vermedi\u011fimiz s\u00fcrece, onlar bizi \u00f6nemseyip de\u011fer vermeyeceklerdir. Onlar\u0131 anlamak ve kendimizi onlara anlatmak i\u00e7in \u00e7e\u015fitli giri\u015fimlerde, faaliyetlerde bulunmam\u0131z gerekiyor. Bu belirlemeden hareket ederek, Avrupa\u2019da hedef g\u00f6zeten bilin\u00e7li faaliyetlere a\u011f\u0131rl\u0131k vermeliyiz. Bu alanda yap\u0131lmas\u0131 gerek bir s\u00fcr\u00fc i\u015f var. Avrupa\u2019daki ilerici, devrimci, demokrat \u00e7evrelerin konuyla ilgili \u00e7ali\u015fmalar\u0131na bizzat \u00f6r\u011f\u00fctl\u00fc olarak destek vermek ve bu alanda ortak faaliyet-kampanyalar \u00f6r\u011f\u00fctleyerek, bulundu\u011fumuz \u00fclkenin devrimci s\u0131n\u0131f hareketleriyle b\u00fct\u00fcnle\u015fmeliyiz.<br \/>\nKonferans\u0131m\u0131z i\u00e7inden ge\u00e7ti\u011fimiz \u00f6r\u011f\u00fctsel, politik, s\u00fcrecin t\u00fcm olumsuzluklar\u0131na ra\u011fmen devrimci \u0131rade ve kom\u00fcnist kararl\u0131l\u0131\u011f\u0131n inanc\u0131yla y\u0131lmadan m\u00fccadelleyi s\u00fcrd\u00fcrece\u011fine dair \u00f6nemli bir \u0131\u015f\u0131k tuttu. Y\u0131llar\u0131n eskitip geriletemedi\u011fi, nice badireler atlatm\u0131\u015f, d\u00fc\u015fmana her d\u00f6nem ve s\u00fcre\u00e7te onurluca direnip m\u00fccadelle bayra\u011f\u0131n\u0131 y\u00fckselten, eski t\u00fcfek ya\u015fl\u0131 yolda\u015flar\u0131m\u0131z\u0131n d\u00fcn oldu\u011fu gibi bug\u00fcnde partimiz KKP\u2019ye olan g\u00fcven ve ba\u011fl\u0131l\u0131klar\u0131 bunun somut g\u00f6stergesidir. Partimiz ya\u015fl\u0131 yolda\u015flar\u0131n emek ve fedakarl\u0131klar\u0131yla bu g\u00fcnlere gelirken, yar\u0131nlara y\u00fcr\u00fcmesi i\u00e7in yeni ku\u015fak gen\u00e7 dinamik Kom\u00fcnist kadrolar\u0131 da arkalamal\u0131d\u0131r. Yani ge\u00e7mi\u015f bug\u00fcn ve yar\u0131n\u0131n sentezinde olu\u015fan bir parti yap\u0131s\u0131n\u0131 k\u0131sa zamanda yaratmal\u0131y\u0131z. Bu konuda b\u00fct\u00fcn yolda\u015flar \u00f6zellikle sorumlu davranmal\u0131d\u0131r.<br \/>\nKonferans\u0131m\u0131z, yukar\u0131da belirlemi\u015f oldu\u011fumuz tespitlerin \u0131\u015f\u0131\u011f\u0131nda, t\u00fcm parti yap\u0131s\u0131n\u0131 emperyalizme, kapitalizme, fa\u015fizme ve her t\u00fcrl\u00fc gericili\u011fe kar\u015f\u0131 soszalizm bayra\u011f\u0131n\u0131 y\u00fckseltmeye \u00e7a\u011f\u0131r\u0131yoruz.<\/p>\n<p>YA\u015eASIN PART\u0130M\u0130Z KKP<br \/>\nBIJi AZAD\u0130 BIJ\u0130 SOSYAL\u0130ZM<br \/>\nKAHROLSUN EMPERYAL\u0130ZM<br \/>\nKAHROLSUN FA\u015e\u0130ZM<\/p>\n<p>KKP<br \/>\nAVRUPA KOM\u0130TES\u0130<br \/>\nHAZ\u0130RAN 2007<\/p>\n","protected":false},"excerpt":{"rendered":"<p>K\u00dcRD\u0130STAN KOM\u00dcN\u0130ST PART\u0130S\u0130 (KKP) AVRUPA KONFERANSI SONU\u00c7 B\u0130LD\u0130R\u0130S\u0130 Yolda\u015flar partimiz KKP Avrupa \u00f6rg\u00fct\u00fcn\u00fcn 12. ola\u011fan konferans\u0131 Haziran 2007\u2019de topland\u0131. A\u011f\u0131rl\u0131kl\u0131 olarak Almanya, Fransa, \u0130svi\u00e7re ve Danimarka\u2019daki delege yolda\u015flar\u0131n kat\u0131l\u0131m sa\u011flad\u0131\u011f\u0131 konferans\u0131m\u0131za, di\u011fer \u00fclkelerdeki delege yolda\u015flar ellerinde olmayan nedenlerden dolay\u0131 kat\u0131lamad\u0131lar. Buna ra\u011fmen konferansa olan ilgi ve kat\u0131l\u0131m olduk\u00e7a g\u00f6rkemli ve \u00e7o\u015fkuluydu. Konferans partimizin, K\u00fcrdistan ve &hellip;<\/p>\n","protected":false},"author":1,"featured_media":0,"comment_status":"open","ping_status":"open","sticky":false,"template":"","format":"standard","meta":[],"categories":[16],"tags":[],"_links":{"self":[{"href":"http:\/\/partiyakomunistekurdistan.org\/index.php?rest_route=\/wp\/v2\/posts\/45"}],"collection":[{"href":"http:\/\/partiyakomunistekurdistan.org\/index.php?rest_route=\/wp\/v2\/posts"}],"about":[{"href":"http:\/\/partiyakomunistekurdistan.org\/index.php?rest_route=\/wp\/v2\/types\/post"}],"author":[{"embeddable":true,"href":"http:\/\/partiyakomunistekurdistan.org\/index.php?rest_route=\/wp\/v2\/users\/1"}],"replies":[{"embeddable":true,"href":"http:\/\/partiyakomunistekurdistan.org\/index.php?rest_route=%2Fwp%2Fv2%2Fcomments&post=45"}],"version-history":[{"count":1,"href":"http:\/\/partiyakomunistekurdistan.org\/index.php?rest_route=\/wp\/v2\/posts\/45\/revisions"}],"predecessor-version":[{"id":46,"href":"http:\/\/partiyakomunistekurdistan.org\/index.php?rest_route=\/wp\/v2\/posts\/45\/revisions\/46"}],"wp:attachment":[{"href":"http:\/\/partiyakomunistekurdistan.org\/index.php?rest_route=%2Fwp%2Fv2%2Fmedia&parent=45"}],"wp:term":[{"taxonomy":"category","embeddable":true,"href":"http:\/\/partiyakomunistekurdistan.org\/index.php?rest_route=%2Fwp%2Fv2%2Fcategories&post=45"},{"taxonomy":"post_tag","embeddable":true,"href":"http:\/\/partiyakomunistekurdistan.org\/index.php?rest_route=%2Fwp%2Fv2%2Ftags&post=45"}],"curies":[{"name":"wp","href":"https:\/\/api.w.org\/{rel}","templated":true}]}}