{"id":603,"date":"2018-03-01T21:54:02","date_gmt":"2018-03-01T20:54:02","guid":{"rendered":"http:\/\/partiyakomunistekurdistan.org\/?p=603"},"modified":"2018-03-01T21:54:02","modified_gmt":"2018-03-01T20:54:02","slug":"kkp-mk-cagrisi-efrin-direnisiyle-dayanismayi-daha-da-yuekseltelim-3-martta-her-yerde-alanlara-cikalim","status":"publish","type":"post","link":"http:\/\/partiyakomunistekurdistan.org\/?p=603","title":{"rendered":"KKP MK \u00c7a\u011fr\u0131s\u0131: Efr\u00een Direni\u015fiyle Dayan\u0131\u015fmay\u0131 Daha da Y\u00fckseltelim! 3 Mart&#8217;ta Her Yerde Alanlara \u00c7\u0131kal\u0131m!"},"content":{"rendered":"<p>Soyk\u0131r\u0131mc\u0131 T\u00fcrk devleti 20 Ocak 2018 tarihinden beri  i\u015fgal ve istila etmek i\u00e7in hunharca Efr\u00een&#8217;e sald\u0131r\u0131yor. U\u00e7aklar, tanklar, toplarla sivil yerle\u015fim yerlerine, okullara, hastahanelere barbarca bomba ya\u011fd\u0131ran T\u00fcrk devleti, bug\u00fcne kadar y\u00fczlerce \u00e7ocuk, kad\u0131n, ya\u015fl\u0131 sivil halktan insan\u0131 katletti. T\u00fcrk devletinin ba\u015f\u0131 &#8221;Suriye&#8217;de bir payla\u015f\u0131m sava\u015f\u0131 y\u00fcr\u00fct\u00fcl\u00fcyor&#8221; diyerek Efr\u00een sald\u0131r\u0131s\u0131n\u0131n niteli\u011fini a\u00e7\u0131k\u00e7a bu sava\u015ftan pay kapma olarak ortaya koydu.<\/p>\n<p>Fa\u015fist Erdo\u011fan Efr\u00een&#8217;i &#8221;fethetmek&#8221; istedi\u011fini pervas\u0131zca ilan etti. Diyanet i\u015flerinden hacamat\u00e7\u0131lara, \u00fcf\u00fcr\u00fck\u00e7\u00fclerden medyaya, yobaz ve fa\u015fist partilerden her t\u00fcrden \u015f\u00f6venist \u00e7evrelere kadar geni\u015f bir koalisyon olu\u015fturan i\u015fgal borazanc\u0131lar\u0131 bu &#8221;fetih&#8221; sava\u015f\u0131n\u0131 &#8221;cihad&#8221; olarak propaganda ediyorlar. Erdo\u011fan Efr\u00een&#8217;i fethettikleri zaman ne yapacaklar\u0131n\u0131 da pe\u015finen a\u00e7\u0131kl\u0131yor: T\u00fcrkiye&#8217;ye s\u0131\u011f\u0131nm\u0131\u015f Suriyeli m\u00fcltecileri, \u00d6SO ve di\u011fer islamc\u0131 ter\u00f6rist m\u00fcttefiklerini Efr\u00een&#8217;e yerle\u015ftirece\u011fini ve burada kendine ba\u011fl\u0131 bir tampon b\u00f6lge olu\u015fturaca\u011f\u0131n\u0131 s\u00f6yl\u00fcyor. Bu konuda Rusya&#8217;dan ve \u0130ran&#8217;dan onay ald\u0131\u011f\u0131 anla\u015f\u0131l\u0131yor. Kas\u0131m ay\u0131nda Efr\u00een&#8217;i i\u015fgal i\u00e7in Putin&#8217;le anla\u015fan ve gerekli haz\u0131rl\u0131klar\u0131 tamamlad\u0131ktan sonra sald\u0131r\u0131y\u0131 ba\u015flatan Erdo\u011fan; Nisan ay\u0131nda Putin ve Ruhani ile yapaca\u011f\u0131 g\u00f6r\u00fc\u015fmeye kadar &#8221;fetih&#8221; ve &#8221;cihad&#8221; hareketini zafere eri\u015ftirmek ve masaya &#8221;Gazi Erdo\u011fan&#8221; s\u0131fat\u0131yla oturmak istiyor.<\/p>\n<p>Erdo\u011fan&#8217;\u0131n &#8221;Efr\u00een Fatihi&#8221; olmak sevdas\u0131n\u0131n bir y\u00fcz\u00fc Efr\u00een&#8217;de halk\u0131m\u0131z\u0131 katletmek, orda kurulan halk\u00e7\u0131 Kanton sistemini yok etmek ve halk\u0131m\u0131z\u0131n kazand\u0131\u011f\u0131 fiili stat\u00fcy\u00fc ortadan kald\u0131rmak iken; \u00f6teki y\u00fcz\u00fc T\u00fcrkiye&#8217;de tesis etti\u011fi fa\u015fist islamc\u0131 rejimi peki\u015ftirmek; her t\u00fcrl\u00fc demokratik muhalefeti mezara g\u00f6mmektir. Erdo\u011fan, \u0130ran &#8211; Irak sava\u015f\u0131n\u0131 kendi iktidar\u0131n\u0131 peki\u015ftirmek ve g\u00fc\u00e7l\u00fc \u0130ran devrimci hareketini imha etmek i\u00e7in kullanan Humeyni&#8217;nin izinden gidiyor. Pasdaranlar ve Besi\u00e7ler gibi milyonluk milis kuvvetleri organize eden; \u0130ran ordusu i\u00e7inde muhtemel \u015fah taraftarlar\u0131 ve liberal burjuvazi yanl\u0131s\u0131 kuvvetleri ya do\u011frudan; ya da sava\u015fa g\u00f6ndererek tasfiye eden Humeyni; iktidar\u0131n\u0131n \u00f6n\u00fcne tehlike olarak \u00e7\u0131kabilecek b\u00fct\u00fcn g\u00fc\u00e7leri \u0130ran &#8211; Irak sava\u015f\u0131n\u0131n tozu duman\u0131 aras\u0131nda ezmi\u015f, mahvetmi\u015fti. Erdo\u011fan, ad\u0131m ad\u0131m Humeyni&#8217;nin y\u0131llar \u00f6nce yapt\u0131\u011f\u0131n\u0131 ger\u00e7ekle\u015ftirmeye \u00e7al\u0131\u015f\u0131yor. Olu\u015fturmak istedi\u011fi &#8221;Cumhur \u0130ttifak\u0131&#8221;, \u00f6z\u00fcnde b\u00fct\u00fcn gerici, fa\u015fist, yobaz, lumpen, serseri, hacamat\u00e7\u0131, \u00fcf\u00fcr\u00fck\u00e7\u00fc vs. tak\u0131m\u0131n\u0131n Tek \u015eef&#8217;e k\u00f6r\u00fck\u00f6r\u00fcne itaat eden tek bir kar\u015f\u0131 &#8211; devrim cephesinde birle\u015ftirilmesinden ibarettir. &#8221;Efr\u00een&#8217;in Fethi&#8221; sava\u015f\u0131 bu ama\u00e7 do\u011frultusunda da kullan\u0131lan bir s\u00f6m\u00fcrge sava\u015f\u0131d\u0131r. &#8221;Efr\u00een&#8221;den sonra s\u0131ra Rojava&#8217;n\u0131n geri kalan k\u0131s\u0131mlar\u0131n\u0131 zaptetme \u00e7abalar\u0131na gelecektir.<\/p>\n<p>T\u00fcrk emperyalizminin &#8221;Efr\u00een&#8217;i Fetih Sava\u015f\u0131&#8221;, d\u00fcnyan\u0131n \u00f6teki emperyalistlerinin a\u00e7\u0131k ya da \u00f6rt\u00fcl\u00fc onaylar\u0131 sayesinde y\u00fcr\u00fct\u00fclmektedir. Rusya T\u00fcrk u\u00e7aklar\u0131na bombard\u0131man imkan\u0131 sa\u011flam\u0131\u015f; Rus bas\u0131n\u0131 ve resmi \u00e7evreleri T\u00fcrk i\u015fgal giri\u015fimiyle birlikte K\u00fcrtlerin Amerika taraf\u0131ndan kullan\u0131ld\u0131\u011f\u0131; dolay\u0131s\u0131yla bu sald\u0131rganl\u0131\u011fa m\u00fcstehak olduklar\u0131 y\u00f6n\u00fcnde propaganday\u0131 yo\u011funla\u015ft\u0131rm\u0131\u015ft\u0131r. \u0130ran, g\u00fcya &#8221;Suriye resmi makamlar\u0131n\u0131n daveti olmadan, topraklar\u0131n\u0131n yabanc\u0131 askerlerce sald\u0131r\u0131ya maruz kalmas\u0131n\u0131n kabul edilemez oldu\u011funu&#8221; a\u00e7\u0131klam\u0131\u015f; fakat dostlar al\u0131\u015fveri\u015fte g\u00f6rs\u00fcn t\u00fcr\u00fcnden bu a\u00e7\u0131klaman\u0131n \u00f6tesine ge\u00e7memi\u015ftir. Amerika, daha ba\u015ftan &#8221;Afrin, bizim ilgi saham\u0131z d\u0131\u015f\u0131nda&#8221; demi\u015f; T\u00fcrk sald\u0131rganl\u0131\u011f\u0131na sessiz onay vermi\u015ftir. NATO ve AB yetkilileri &#8221;T\u00fcrk devletinin s\u0131n\u0131rlar\u0131n\u0131 sald\u0131rganlardan koruma hakk\u0131 oldu\u011fu&#8221; mealinde a\u00e7\u0131klamalarla kay\u0131ts\u0131zl\u0131klar\u0131n\u0131 sergilemi\u015flerdir. \u00dcstelik tam da bu g\u00fcnlerde yeni silah sat\u0131\u015f\u0131 anla\u015fmalar\u0131yla ya\u011fl\u0131 ihaleler alm\u0131\u015flard\u0131r. K\u0131sacas\u0131 t\u00fcm emperyalist h\u00fck\u00fcmetler ve resmi \u00e7evreleri T\u00fcrk i\u015fgal sald\u0131r\u0131s\u0131na ye\u015fil ya da sar\u0131 \u0131\u015f\u0131k yakm\u0131\u015flard\u0131r.<\/p>\n<p>D\u00fcnya halklar\u0131, i\u015f\u00e7i ve emek\u00e7ileri ise daha ba\u015ftan T\u00fcrk s\u00f6m\u00fcrge sava\u015f\u0131na kar\u015f\u0131 tav\u0131r alm\u0131\u015f, Efr\u00een halk\u0131m\u0131z\u0131n kahramanca direni\u015fiyle  dayan\u0131\u015fma i\u00e7ine girmi\u015flerdir. Efr\u00een sald\u0131r\u0131s\u0131yla birlikte Avrupa \u00e7ap\u0131nda Efr\u00een&#8217;le dayan\u0131\u015fma komiteleri kurulmu\u015f; bir \u00e7ok parti, \u00f6rg\u00fct, dernek bu \u00f6rg\u00fctlerde yer alm\u0131\u015ft\u0131r. Her \u00fclkeden tan\u0131nm\u0131\u015f yazarlar, d\u00fc\u015f\u00fcn\u00fcrler, sanat\u00e7\u0131lar, ayd\u0131nlar T\u00fcrk devletinin sald\u0131r\u0131lar\u0131n\u0131 protesto eden a\u00e7\u0131klamalara imza atm\u0131\u015f; dayan\u0131\u015fma eylemlerine aktif olarak kat\u0131lm\u0131\u015f; demokrat politikac\u0131lar kendi parlamentolar\u0131nda konu\u015fmalar yapm\u0131\u015f, h\u00fck\u00fcmetlerinin tutumlar\u0131n\u0131 a\u00e7\u0131klam\u0131\u015flard\u0131r. Kom\u00fcnist partileri, i\u015f\u00e7i sendikalar\u0131 ve h\u00fcmanist, demokratik kurumlar halk\u0131m\u0131z\u0131n direni\u015fi ile dayan\u0131\u015fmalar\u0131n\u0131 bildirmi\u015flerdir. T\u00fcrkiye&#8217;de Afrin i\u015fgaline kar\u015f\u0131t tutum alan pek \u00e7ok insan, yapt\u0131\u011f\u0131 a\u00e7\u0131klamadan ya da sosyal medyadaki payla\u015f\u0131m\u0131ndan \u00f6t\u00fcr\u00fc g\u00f6z alt\u0131na al\u0131nm\u0131\u015f, tutuklanm\u0131\u015ft\u0131r.<\/p>\n<p>K\u00fcrdistan&#8217;\u0131n d\u00f6rt par\u00e7as\u0131ndan K\u00fcrtlerin g\u00f6z\u00fc, kula\u011f\u0131, y\u00fcre\u011fi Afrinledir. Kobani direni\u015fi s\u0131ras\u0131nda oldu\u011fu gibi Afrin direni\u015fi de b\u00fct\u00fcn par\u00e7alardan K\u00fcrtleri bir araya getirmi\u015ftir. Devrimci, yurtsever K\u00fcrt \u00f6rg\u00fctleri yan\u0131s\u0131ra, T\u00fcrk, Arap, \u0130ran, Ermeni, S\u00fcryani devrimci \u00f6rg\u00fctleri de halk\u0131m\u0131zla dayan\u0131\u015fma eylemlerine kat\u0131lm\u0131\u015f; bir \u00e7ok \u00f6rg\u00fct Afrin&#8217;de enternasyonalist sava\u015f\u00e7\u0131lar\u0131yla bizzat direni\u015f i\u00e7inde yer alm\u0131\u015f; \u015fehitler vermi\u015ftir.<\/p>\n<p>Afrin direni\u015finin as\u0131l oda\u011f\u0131 T\u00fcrk sald\u0131r\u0131lar\u0131n\u0131n hedefindeki yerlerde ya\u015fayan halk\u0131m\u0131z\u0131n silahl\u0131 savunma g\u00fc\u00e7leri YPG &#8211; YPJ&#8217;dir. Halk savunma kuvvetleri,  &#8221;3 saatte al\u0131r\u0131z&#8221; diye b\u00f6b\u00fcrlenerek sald\u0131r\u0131ya ge\u00e7en devasa kuvvetteki T\u00fcrk sald\u0131rganlar\u0131na kar\u015f\u0131 muazzam bir direni\u015f sergilemi\u015f; halk\u0131m\u0131z da kad\u0131n\u0131yla, \u00e7ocu\u011fuyla, ya\u015fl\u0131s\u0131yla bu direni\u015fte fiilen yerini alm\u0131\u015ft\u0131r. Orant\u0131s\u0131z g\u00fc\u00e7ler kar\u015f\u0131s\u0131nda s\u0131n\u0131rl\u0131 g\u00fc\u00e7lerle kahramanca direnen halk\u0131m\u0131z\u0131n \u00e7etin mukavemeti t\u00fcm kararl\u0131l\u0131\u011f\u0131yla devam etmektedir.<\/p>\n<p>Afrin direni\u015fi, ayn\u0131 zamanda ilerici insanl\u0131\u011f\u0131n, d\u00fcnya devrim g\u00fc\u00e7lerinin enternasyonal direni\u015fidir. Bu enternasyonal direni\u015fin ba\u015f\u00e7ekicisi diasporada ya\u015fayan halk\u0131m\u0131zd\u0131r. Halk\u0131m\u0131z Kuzey ve Latin Amerika&#8217;dan Rusya&#8217;ya, Avrupa&#8217;dan Ortado\u011fu&#8217;ya kadar ya\u015fad\u0131\u011f\u0131 gurbet diyarlar\u0131nda her g\u00fcn alanlara \u00e7\u0131karak, y\u00fcr\u00fcy\u00fc\u015fler, protestolar, mitingler d\u00fczenleyerek d\u00fcnya kamuoyunun dikkatini T\u00fcrk devletinin barbarl\u0131\u011f\u0131na \u00e7ekmi\u015ftir. Kuzey K\u00fcrdistanl\u0131 ve T\u00fcrkiyeli devrimci \u00f6rg\u00fctler; Rojava, Ba\u015fur ve Rojh\u0131lat&#8217;tan K\u00fcrt partileri bu eylemlerde aktif yer alm\u0131\u015ft\u0131r ve almaktad\u0131r.<\/p>\n<p>Partiya Kominista K\u00fcrdistan &#8211; KKP, hem merkezi Avrupa Efrin\u2019i Sahiplenme Platformu , hem de \u00e7e\u015fitli \u00fclkelerdeki \u00fclkesel  Afrin&#8217;le Dayan\u0131\u015fma Komiteleri i\u00e7inde yer almakta; d\u00fczenlenen dayan\u0131\u015fma eylemlerinin, protestolar\u0131n organizasyonunda \u00fcst\u00fcne d\u00fc\u015fen g\u00f6revleri yerine getirmektedir.<br \/>\nPartiya Kominista K\u00fcrdistan &#8211; KKP, hem merkezi Avrupa Efrin\u2019i Sahiplenme Platformu , hem de \u00e7e\u015fitli \u00fclkelerdeki \u00fclkesel  Afrin&#8217;le Dayan\u0131\u015fma Komiteleri i\u00e7inde yer almakta; d\u00fczenlenen dayan\u0131\u015fma eylemlerinin, protestolar\u0131n organizasyonunda \u00fcst\u00fcne d\u00fc\u015fen g\u00f6revleri yerine getirmektedir.<\/p>\n<p>3 Mart 2018 g\u00fcn\u00fc Avrupa ve Amerika \u00e7ap\u0131nda dayan\u0131\u015fma eylemleri g\u00fcn\u00fc olarak saptanm\u0131\u015ft\u0131r. Bile\u015feni oldu\u011fumuz Avrupa Efrin\u2019i Sahiplenme Platformu bu eylemleri desteklemektedir. Biz KKP olarak her yerde bu eylemlerin i\u00e7inde olaca\u011f\u0131z. T\u00fcm K\u00fcrdistanl\u0131 kom\u00fcnistleri, i\u015f\u00e7ileri, halk\u0131m\u0131z\u0131, K\u00fcrt halk\u0131n\u0131n dostlar\u0131n\u0131, fa\u015fist Erdo\u011fan rejiminin ma\u011fdurlar\u0131n\u0131 bu eylemlere aktif kat\u0131lmaya \u00e7a\u011f\u0131r\u0131yoruz. Eylem takvimi a\u015fa\u011f\u0131dad\u0131r.<\/p>\n<p>01. 03. 2018<\/p>\n<p>Partiya Kom\u00fcnista K\u00fcrdistan &#8211; KKP<\/p>\n<p>Merkez Komitesi<\/p>\n<p>ALMANYA<br \/>\nBERL\u0130N<br \/>\nTarih: 3 Mart 2018<br \/>\nSaat: 11:00<br \/>\nYer: Alexanderplazt\u2019ta ba\u015flayacakt\u0131r<\/p>\n<p>HOLLANDA<br \/>\nROTTERDAM<br \/>\nTarih: 3-3-2018<br \/>\nSaat: 14:30<br \/>\nYer: Schouwburgplein Rotterdam<\/p>\n<p>DAN\u0130MARKA<br \/>\nKopanhagen<br \/>\n03-03-2018 Cumartesi<br \/>\nSaat:13.00<br \/>\nBa\u015flama Yeri: Vesterbro Torv<\/p>\n<p>\u0130NG\u0130LTERE<br \/>\nLONDRA<br \/>\nTarih: 3-3-2018<br \/>\nSaat: 1pm<br \/>\nYer: BBC \u00f6n\u00fc<br \/>\nPortland Place London W1A 1AA<br \/>\nEn yakin tren istasyonu Oxford Circus tren station<\/p>\n<p>BELCIKA<br \/>\nBRUKSEL<br \/>\nTarih : 3-3 -Cumartesi<br \/>\nSaat: 14.00<br \/>\nYer: Place Poelaet 1,1000 Bruxelles<\/p>\n<p>KANADA<br \/>\nTORONTO<br \/>\nTarih:3 Mart Cumartesi 2018<br \/>\nSaat: 1PM<br \/>\nYer: OISE auditorium 252 Bloor St. West ON Toronto<\/p>\n<p>NORVE\u00c7<br \/>\nOSLO<br \/>\nTarih:3 Mart Cumartesi 2018<br \/>\nSaat: 15:00<br \/>\nYer: Norve\u00e7 Parlamentosu \u00f6n\u00fc<\/p>\n<p>YUNAN\u0130STAN<br \/>\nAT\u0130NA<br \/>\nTarih:3 Mart Cumartesi 2018<br \/>\nSaat: 16:00<br \/>\nYer: Akademi meydan\u0131nda<\/p>\n<p>AVUSTURYA<br \/>\nGRAZ<br \/>\nTarih:3 Mart Cumartesi 2018<br \/>\nSaat: 13:00<br \/>\nYer: Hauptplatz<\/p>\n<p>V\u0130YANA<br \/>\nTarih:3 Mart Cumartesi 2018<br \/>\nSaat: 15:00<br \/>\nYer: Westbahnof<\/p>\n<p>\u0130NSBURG<br \/>\nTarih:3 Mart Cumartesi 2018<br \/>\nSaat: 16:00<br \/>\nYer: Anasaule<\/p>\n<p>\u0130SVE\u00c7<br \/>\nSTOCKHOLM<br \/>\nTarih: 03-03-2018 Cumartesi<br \/>\nSaat:13.00<br \/>\nBa\u015flama Yeri: Norra Bantorget<br \/>\nBiti\u015f yeri:Norrmalmstorg<\/p>\n<p>G\u00d6TBORG<br \/>\nTarih: 03-03-2018 Cumartesi<br \/>\nSaat:13.00<br \/>\nBa\u015flama Yeri: G\u00f6taplatsen<\/p>\n<p>MALM\u00d6<br \/>\n03.03.2018 Cumartesi<br \/>\nSAAT: 14:00<br \/>\nBa\u015flama Yeri: TREANGEL.<br \/>\nBiti\u015f yeri:STORTORGET<\/p>\n<p>\u0130SV\u0130\u00c7RE<br \/>\nZ\u00dcR\u0130CH<br \/>\n03 Mart 2018<br \/>\n14:00 Helvetiplatz<\/p>\n<p>FRANSA<br \/>\nPAR\u0130S<br \/>\nTarih: 3-3-2018<br \/>\nSaat:13:00<br \/>\nYer: Place Republique<\/p>\n<p>MARSILYA<br \/>\nTarih: 3-3-2018<br \/>\nSaat: 14:00<br \/>\nYer: PLACE CANEBIERE<\/p>\n<p>BORDEAUX<br \/>\nTarih 3 Mart Cumartesi<br \/>\nSaat: !7.00<br \/>\nYer: Grande Theatre \u00f6n\u00fc<\/p>\n<p>TOULUSE<br \/>\n3 Mart Cumartesi<br \/>\nSaat: 15.30<br \/>\nYer: Place Capitale<\/p>\n<p>RENNES<br \/>\n3 Mart Cumartesi<br \/>\nSaat: 14.30<br \/>\nYer: Place Colombies<\/p>\n","protected":false},"excerpt":{"rendered":"<p>Soyk\u0131r\u0131mc\u0131 T\u00fcrk devleti 20 Ocak 2018 tarihinden beri i\u015fgal ve istila etmek i\u00e7in hunharca Efr\u00een&#8217;e sald\u0131r\u0131yor. U\u00e7aklar, tanklar, toplarla sivil yerle\u015fim yerlerine, okullara, hastahanelere barbarca bomba ya\u011fd\u0131ran T\u00fcrk devleti, bug\u00fcne kadar y\u00fczlerce \u00e7ocuk, kad\u0131n, ya\u015fl\u0131 sivil halktan insan\u0131 katletti. T\u00fcrk devletinin ba\u015f\u0131 &#8221;Suriye&#8217;de bir payla\u015f\u0131m sava\u015f\u0131 y\u00fcr\u00fct\u00fcl\u00fcyor&#8221; diyerek Efr\u00een sald\u0131r\u0131s\u0131n\u0131n niteli\u011fini a\u00e7\u0131k\u00e7a bu sava\u015ftan pay &hellip;<\/p>\n","protected":false},"author":2,"featured_media":0,"comment_status":"closed","ping_status":"closed","sticky":false,"template":"","format":"standard","meta":[],"categories":[12,14],"tags":[],"_links":{"self":[{"href":"http:\/\/partiyakomunistekurdistan.org\/index.php?rest_route=\/wp\/v2\/posts\/603"}],"collection":[{"href":"http:\/\/partiyakomunistekurdistan.org\/index.php?rest_route=\/wp\/v2\/posts"}],"about":[{"href":"http:\/\/partiyakomunistekurdistan.org\/index.php?rest_route=\/wp\/v2\/types\/post"}],"author":[{"embeddable":true,"href":"http:\/\/partiyakomunistekurdistan.org\/index.php?rest_route=\/wp\/v2\/users\/2"}],"replies":[{"embeddable":true,"href":"http:\/\/partiyakomunistekurdistan.org\/index.php?rest_route=%2Fwp%2Fv2%2Fcomments&post=603"}],"version-history":[{"count":1,"href":"http:\/\/partiyakomunistekurdistan.org\/index.php?rest_route=\/wp\/v2\/posts\/603\/revisions"}],"predecessor-version":[{"id":604,"href":"http:\/\/partiyakomunistekurdistan.org\/index.php?rest_route=\/wp\/v2\/posts\/603\/revisions\/604"}],"wp:attachment":[{"href":"http:\/\/partiyakomunistekurdistan.org\/index.php?rest_route=%2Fwp%2Fv2%2Fmedia&parent=603"}],"wp:term":[{"taxonomy":"category","embeddable":true,"href":"http:\/\/partiyakomunistekurdistan.org\/index.php?rest_route=%2Fwp%2Fv2%2Fcategories&post=603"},{"taxonomy":"post_tag","embeddable":true,"href":"http:\/\/partiyakomunistekurdistan.org\/index.php?rest_route=%2Fwp%2Fv2%2Ftags&post=603"}],"curies":[{"name":"wp","href":"https:\/\/api.w.org\/{rel}","templated":true}]}}