{"id":71,"date":"2017-07-27T01:20:20","date_gmt":"2017-07-26T23:20:20","guid":{"rendered":"http:\/\/partiyakomunistekurdistan.org\/?p=71"},"modified":"2017-07-28T09:36:27","modified_gmt":"2017-07-28T07:36:27","slug":"kuerdistan-komuenist-partisi-uelkemizin-gueneybatisindaki-oezguerluek-yuerueyuesuenue-selamliyor","status":"publish","type":"post","link":"http:\/\/partiyakomunistekurdistan.org\/?p=71","title":{"rendered":"K\u00dcRDISTAN KOM\u00dcNIST PARTISI \u00dcLKEM\u0130Z\u0130N G\u00dcNEYBATISINDAK\u0130 \u00d6ZG\u00dcRL\u00dcK Y\u00dcR\u00dcY\u00dc\u015e\u00dcN\u00dc SELAMLIYOR!!"},"content":{"rendered":"<p>Onlar, G\u00fcneybat\u0131daki karde\u015flerimiz bir ilki ger\u00e7ekle\u015ftirdiler: tek silah patlatmadan, bir insanlar\u0131n\u0131 bile feda etmeden kendi kaderlerini kendi ellerine ald\u0131lar.<br \/>\nDevrimin ya\u015fanan bu bi\u00e7imi, d\u00fcnyada bir ilktir.<br \/>\nG\u00fcneybat\u0131da ya\u015fayan halk\u0131m\u0131z\u0131, onun siyasi temsilcilerini, g\u00f6revini hakk\u0131yla yapan Ba\u015fkan Mesut Barzani\u2019 yi ve ortakla\u015fa yaratt\u0131klar\u0131 ULUSAL \u00d6ZG\u00dcRL\u00dc\u011e\u00dc selaml\u0131yoruz.<br \/>\nBiz ,Kuzey K\u00fcrdistan Kominist Partisi olarak, \u00dclkemizin en k\u00fc\u00e7\u00fck par\u00e7as\u0131nda \u00f6zg\u00fcrl\u00fc\u011f\u00fcn yak\u0131n oldu\u011funun bilincindeydik . Onun i\u00e7indir ki, 8- 9 Nisan 2012 tarihlerinde yapt\u0131\u011f\u0131m\u0131z Kongremizin sonu\u00e7 bildirgesinde; \u201c&#8230;&#8230;.6. Kongremiz; (&#8230;&#8230;)<br \/>\n-Suriye s\u0131n\u0131rlar\u0131 i\u00e7erisinde ya\u015fayan halk\u0131m\u0131z\u0131n ve onu temsil eden siyasi partilerin Suriye krizi s\u00fcrecinde izledikleri politikalar\u0131 do\u011fru bulur, destekler ve yaratt\u0131klar\u0131 birli\u011fi selamlar. \u00d6zg\u00fcrl\u00fc\u011f\u00fcn yak\u0131n oldu\u011fu heyacan\u0131n\u0131 t\u00fcm halk\u0131m\u0131zla payla\u015f\u0131r.\u201d Diyerek duygu ve d\u00fc\u015f\u00fcncelerimizi kamuoyuyla payla\u015fm\u0131\u015ft\u0131k.<br \/>\n\u00c7\u00fcnk\u00fc biz, en az bizim kadar G\u00fcneybat\u0131l\u0131 karde\u015flerimizin de akl\u0131n ve bilimin yolunun bir oldu\u011funa inand\u0131klar\u0131n\u0131 biliyorduk. Onlar\u0131n S\u00fcriye krizi s\u00fcrecini iyi de\u011ferlendirdiklerinden kimse ku\u015fku duyamaz. Gerici Baas y\u00f6netiminin ve ne oldu\u011fu belirsiz muhalefetin yan\u0131nda yer almayarak kendi haz\u0131rl\u0131klar\u0131n\u0131 yapmalar\u0131 ve en uygun zamanda y\u00f6netimlere el koymalar\u0131 takdirle kar\u015f\u0131lanacak bir taktisiyenlikti.<br \/>\nEminiz gerisi gelecektir. \u00c7\u00fcnk\u00fc \u00f6zg\u00fcrl\u00fc\u011f\u00fcn ilk meyveleri al\u0131nd\u0131. Fiziki ve moral g\u00fc\u00e7 biriktirme s\u00fcreci olanca h\u0131z\u0131yla s\u00fcr\u00fcyor. Haz\u0131rl\u0131ks\u0131z yakalanma riski yok art\u0131k.<br \/>\nAncak, yak\u0131n tehlikelerin hepimiz bilincindeyiz; her K\u00fcrt de bilincindedir. Zay\u0131f bir olas\u0131l\u0131k olmakla birlikte Esad y\u00f6netimi Arap muhalefetini etkisizle\u015ftirirse halk\u0131m\u0131za sald\u0131rmaktan geri durmayacakt\u0131r. M\u00fcsl\u00fcman Karde\u015fler a\u011f\u0131rl\u0131kl\u0131 muhalefetin krizden kazan\u00e7l\u0131 \u00e7\u0131kmas\u0131 durumunda , TC\u2019nin gazab\u0131yla Arap gericili\u011fi bize kar\u015f\u0131 birle\u015fecektir. TC\u2019 nin tek ba\u015f\u0131na bir maceraya girme olas\u0131l\u0131\u011f\u0131n\u0131 zay\u0131f g\u00f6r\u00fcyoruz. As\u0131l b\u00fcy\u00fck tehlike; \u0130ran, Irak \u015fii y\u00f6netimi , Suriye ve L\u00fcbnan Hizbullah\u0131 zincirini k\u0131rmak isteyen emperyalistlerin ortak tak\u0131naca\u011f\u0131 kar\u015f\u0131 tav\u0131rd\u0131r.<br \/>\nT\u00fcm bu risklere ra\u011fmen , 2008 den beri s\u00fcren d\u00fcnya kapitalizminin b\u00fcy\u00fck krizinin s\u0131cak sava\u015f ortam\u0131 olarak se\u00e7ti\u011fi Ortado\u011funun mevcut ikliminden as\u0131l yararlanacak olan Ulusumuz ve halk\u0131m\u0131z olacakt\u0131r. Birinci ve ikinci d\u00fcnya krizlerinden yararlanamayan K\u00fcrtlerin, bu \u015fans\u0131 da ellerinden ka\u00e7\u0131rmas\u0131n\u0131 kimse beklememelidir. En b\u00fcy\u00fck g\u00fcvencemiz halk\u0131m\u0131z\u0131n siyasi aktivitesi ve \u00f6rg\u00fctl\u00fcl\u00fck d\u00fczeyidir. Daha 40 milyona yak\u0131n K\u00fcrt tek bir yumruktur diyemesek de, art\u0131k bizi kimse b\u00f6l\u00fcp par\u00e7alayamayacakt\u0131r; karde\u015f kavgas\u0131 i\u00e7erisinde g\u00f6remeyecektir.<br \/>\nBiz eminiz ki, bug\u00fcnler ve ileriki y\u0131llar t\u00fcm K\u00fcrdistan\u2019\u0131n birlik ve \u00f6zg\u00fcrl\u00fck g\u00fcnleri ve y\u0131llar\u0131 olacakt\u0131r. Gerekirse Afrin\u2019\u0131n savunmas\u0131nda t\u00fcm insanlar\u0131m\u0131z g\u00f6rev \u00fcstleneceklerdir. Bu bizim halk\u0131m\u0131za \u00e7a\u011f\u0131r\u0131m\u0131zd\u0131r.<br \/>\nK\u00fc\u00e7\u00fck K\u00fcrdistan\u2019daki karede\u015flerimizi birkere daha selaml\u0131yoruz.<br \/>\nK\u00fcrdistan Kominist Partisi<br \/>\nMK<br \/>\nMerkez Komitesi<br \/>\nAgustos 2012<\/p>\n","protected":false},"excerpt":{"rendered":"<p>Onlar, G\u00fcneybat\u0131daki karde\u015flerimiz bir ilki ger\u00e7ekle\u015ftirdiler: tek silah patlatmadan, bir insanlar\u0131n\u0131 bile feda etmeden kendi kaderlerini kendi ellerine ald\u0131lar. Devrimin ya\u015fanan bu bi\u00e7imi, d\u00fcnyada bir ilktir. G\u00fcneybat\u0131da ya\u015fayan halk\u0131m\u0131z\u0131, onun siyasi temsilcilerini, g\u00f6revini hakk\u0131yla yapan Ba\u015fkan Mesut Barzani\u2019 yi ve ortakla\u015fa yaratt\u0131klar\u0131 ULUSAL \u00d6ZG\u00dcRL\u00dc\u011e\u00dc selaml\u0131yoruz. Biz ,Kuzey K\u00fcrdistan Kominist Partisi olarak, \u00dclkemizin en k\u00fc\u00e7\u00fck par\u00e7as\u0131nda &hellip;<\/p>\n","protected":false},"author":1,"featured_media":117,"comment_status":"closed","ping_status":"closed","sticky":false,"template":"","format":"standard","meta":[],"categories":[20],"tags":[],"_links":{"self":[{"href":"http:\/\/partiyakomunistekurdistan.org\/index.php?rest_route=\/wp\/v2\/posts\/71"}],"collection":[{"href":"http:\/\/partiyakomunistekurdistan.org\/index.php?rest_route=\/wp\/v2\/posts"}],"about":[{"href":"http:\/\/partiyakomunistekurdistan.org\/index.php?rest_route=\/wp\/v2\/types\/post"}],"author":[{"embeddable":true,"href":"http:\/\/partiyakomunistekurdistan.org\/index.php?rest_route=\/wp\/v2\/users\/1"}],"replies":[{"embeddable":true,"href":"http:\/\/partiyakomunistekurdistan.org\/index.php?rest_route=%2Fwp%2Fv2%2Fcomments&post=71"}],"version-history":[{"count":2,"href":"http:\/\/partiyakomunistekurdistan.org\/index.php?rest_route=\/wp\/v2\/posts\/71\/revisions"}],"predecessor-version":[{"id":118,"href":"http:\/\/partiyakomunistekurdistan.org\/index.php?rest_route=\/wp\/v2\/posts\/71\/revisions\/118"}],"wp:featuredmedia":[{"embeddable":true,"href":"http:\/\/partiyakomunistekurdistan.org\/index.php?rest_route=\/wp\/v2\/media\/117"}],"wp:attachment":[{"href":"http:\/\/partiyakomunistekurdistan.org\/index.php?rest_route=%2Fwp%2Fv2%2Fmedia&parent=71"}],"wp:term":[{"taxonomy":"category","embeddable":true,"href":"http:\/\/partiyakomunistekurdistan.org\/index.php?rest_route=%2Fwp%2Fv2%2Fcategories&post=71"},{"taxonomy":"post_tag","embeddable":true,"href":"http:\/\/partiyakomunistekurdistan.org\/index.php?rest_route=%2Fwp%2Fv2%2Ftags&post=71"}],"curies":[{"name":"wp","href":"https:\/\/api.w.org\/{rel}","templated":true}]}}