{"id":927,"date":"2020-03-20T13:22:38","date_gmt":"2020-03-20T12:22:38","guid":{"rendered":"http:\/\/partiyakomunistekurdistan.org\/?p=927"},"modified":"2020-03-20T13:27:51","modified_gmt":"2020-03-20T12:27:51","slug":"kkp-merkez-komitesi-13-mayis-2013-aciklamasi","status":"publish","type":"post","link":"http:\/\/partiyakomunistekurdistan.org\/?p=927","title":{"rendered":"KKP MERKEZ KOMiTESi (15 MAYIS 2013) A\u00c7IKLAMASI"},"content":{"rendered":"<p>Partiya Kominsta K\u00fcrdistan (KKP) Merkez Komitesi 15 May\u0131s 2013 tarihli mevcut siyasal s\u00fcreci de\u011ferlend\u0131rm\u0131\u015f ve sonucunu kamuoyu ile payla\u015fm\u0131\u015f. O tarihlerdeki tespitlerin ne kadar do\u011fru oldu\u011funu d\u00fc\u015f\u00fcnerek bir kez daha yay\u0131nlama gere\u011fi duyduk!!<br \/>\nKKP MERKEZ KOM\u0130TES\u0130 A\u00c7IKLAMASI<br \/>\nMerkez Komitemiz, \u00dclkemiz ve b\u00f6lgemizdeki son siyasi geli\u015fmeleri de\u011ferlendirmi\u015f ve;<br \/>\n-2008 y\u0131l\u0131nda ba\u015flayan ve s\u00fcren kapitalizmin yeni krizinin son 80 y\u0131l i\u00e7erisinde kar\u015f\u0131la\u015f\u0131lan devrevi krizlerden \u00e7ok \u00e7ok a\u011f\u0131r oldu\u011funu;<br \/>\n-Bir\u00e7ok nedenden dolay\u0131 emperyalist \u2013 kapitalist g\u00fc\u00e7lerin krizi atlatma y\u00f6ntemi olarak dar kapsaml\u0131 birbirleriyle Pazar sava\u015f\u0131n\u0131 veya kapsaml\u0131 bir d\u00fcnya sava\u015f\u0131n\u0131 g\u00f6ze alamad\u0131klar\u0131n\u0131;<br \/>\n-Fosil enerji kaynaklar\u0131n\u0131n D\u00fcnyadaki merkezi olmas\u0131, do\u011fal kaynaklar\u0131n s\u0131n\u0131rl\u0131l\u0131\u011f\u0131n\u0131n bilinmesi ve Ortado\u011fu\u2019daki hemen hemen t\u00fcm devletlerin ( \u0130ran ve T\u00fcrkiye hari\u00e7) yapayl\u0131\u011f\u0131 gibi ana nedenlerle b\u00f6lgemizin kapitalizmin krizinin atlat\u0131lmas\u0131 i\u00e7in sava\u015f alan\u0131 olarak belirlendi\u011fini;<br \/>\n-B\u00f6lgesel sava\u015f\u0131n G- 20\u2018 ler taraf\u0131ndan asgari m\u00fc\u015fterekler sa\u011flanarak s\u00fcrd\u00fcr\u00fcld\u00fc\u011f\u00fc ve s\u00fcrd\u00fcr\u00fclece\u011fini, sava\u015f\u0131n b\u00f6lgesel sonucunun \u0130ran\u2019la noktalanaca\u011f\u0131n\u0131;<br \/>\n-Kriz atlat\u0131lamazsa Uzak do\u011funun kapitalist t\u00fcketim pazar\u0131na tam kat\u0131l\u0131m\u0131n\u0131n sa\u011flanmas\u0131 \u00e7abalar\u0131n\u0131n sava\u015f\u0131 do\u011fu Asya\u2019ya kayd\u0131r\u0131labilece\u011fini;<br \/>\n-Her yo\u011fun kriz ve sava\u015f ortam\u0131n\u0131n i\u015f\u00e7i ve emek\u00e7i halklar i\u00e7in ekonomik, sosyal, k\u00fclt\u00fcrel ve hatta ahlaki olarak a\u011f\u0131r y\u0131k\u0131mlar getirebilece\u011fi gibi, ulusal ve toplumsal kurtulu\u015f olanaklar\u0131 da do\u011furabilece\u011fini;<br \/>\n-1. Ve 2. D\u00fcnya sava\u015flar\u0131yla sonu\u00e7lanan krizlerden yararlanamayan Ulusumuzun, Ortado\u011fu yeniden dizayn edilirken mutlaka ve mutlaka s\u00fcreci kendi lehine de\u011ferlendirmesi, kendi \u00f6zg\u00fcrl\u00fc\u011f\u00fcn\u00fc kendi ellerine almas\u0131, ucu g\u00f6r\u00fcnen K\u00fcrdistan Federasyonunu b\u00fcg\u00fcnden ad\u0131m ad\u0131m \u00f6rmesi , resmen ger\u00e7ekle\u015fmesi gecikse bile fiilen fedaral bir K\u00fcrdistan\u2019n\u0131n kurulmas\u0131n\u0131;<br \/>\n-Ortado\u011fu haritas\u0131n\u0131n yeniden belirlenmesi s\u00fcrecinde G- 20\u2019lerin \u00f6zel rol bi\u00e7ti\u011fi T.C\u2018 nin kendi emperyal emellerinin de politik y\u00f6nelimlerinde belirleyici oldu\u011funu, bu emperyal ama\u00e7lar nedeniyle kendi i\u00e7 yap\u0131lanmas\u0131n\u0131 buna g\u00f6re yeniden d\u00fczenlemek istedi\u011fini;<br \/>\n-Ba\u015fta Kelk\u00fck olmak \u00fczere G\u00fcney K\u00fcrdistan\u2019n\u0131n zengin ve \u00f6nemli \u00f6l\u00e7\u00fcde de i\u015flenmemi\u015f petrol zenginliklerinden yeni enerji kaynaklar\u0131n\u0131n payla\u015f\u0131m\u0131nda birinci elden yararlanmak amac\u0131 g\u00fctt\u00fc\u011f\u00fcn\u00fc;<br \/>\n-Sava\u015f yoluyla Halk\u0131m\u0131z\u0131 kendi sistemi ile b\u00fct\u00fcnle\u015ftiremeyece\u011fini 90 y\u0131ll\u0131k, PKK\u2018 yi yok edemeyece\u011fini son 30 y\u0131ll\u0131k deneyimleriyle \u00f6\u011frendi\u011fi, i\u00e7 sava\u015f\u0131n yaratt\u0131\u011f\u0131 i\u00e7 istikrars\u0131zl\u0131klardan ve ekonomik girdilerden kurtulmak istedi\u011fi i\u00e7in T.C\u2018 nin PKK ile bar\u0131\u015f masas\u0131na oturmak zorunda oldu\u011funu;<br \/>\n-Kitlesel destek , nicel ve nitel kadro kayb\u0131yla kendini d\u0131\u015fa vuran politik ve askeri yenilgilerin PKK a\u00e7\u0131s\u0131ndan s\u00f6z\u00fc edilememekle birlikte 30 y\u0131ll\u0131k sava\u015f s\u00fcreci \u00f6zellikle Kuzeyde ya\u015fayan halk\u0131m\u0131z ve PKK i\u00e7in her bak\u0131mdan a\u011f\u0131r sonu\u00e7lar do\u011furma pahas\u0131na s\u00fcrd\u00fcr\u00fcld\u00fc\u011f\u00fcn\u00fc, bu a\u011f\u0131r y\u00fck\u00fcn azalt\u0131lmas\u0131n\u0131n yeni yol ve y\u00f6ntemlerinin bulunmas\u0131n\u0131n ya\u015fam taraf\u0131ndan zorunlu hale getirildi\u011fini;<br \/>\n-Silahla s\u00fcrd\u00fcr\u00fclen politik m\u00fccadelenin Halk\u0131m\u0131z, T\u00fcrkiye, b\u00f6lge ve d\u00fcnya kamuoyu \u00fczerinde i\u015flevselli\u011fini \u00e7oktand\u0131r tamamlad\u0131\u011f\u0131, sava\u015farak T.C\u2019ni \u00dclkemizden kovman\u0131n olanakl\u0131 olmad\u0131\u011f\u0131 ve yakla\u015f\u0131k son 15 y\u0131ldan beri PKK\u2018 nin savundu\u011fu politik hedeflerle de uygunluk i\u00e7erisinde bulunmad\u0131\u011f\u0131 i\u00e7in sava\u015f\u0131 ba\u015flatan\u0131n sava\u015f\u0131 bitirmek istedi\u011fini;<br \/>\n-1990 lardan beri \u00dclkemizde politikan\u0131n kitleselle\u015fmesi, siyasetin ve diplomasinin \u00f6\u011frenilmesi ve kadrola\u015fmada az\u0131msanamayacak bir d\u00fczey tutturulmas\u0131 ger\u00e7e\u011fi, me\u015fru politik yollarla sonu\u00e7 alabilmenin olanaklar\u0131n\u0131 art\u0131rd\u0131\u011f\u0131ndan, PKK nin de bu zeminde s\u00fcreci devam ettirmek istedi\u011fini;<br \/>\n-Ba\u011f\u0131ms\u0131z bir devlet gibi politik aktivite i\u00e7erisinde olan G.K\u00fcrdistan Federe Devleti genel hatlar\u0131yla izledi\u011fi tutarl\u0131 politik \u00e7izgisiyle Ulusumuzun di\u011fer par\u00e7alar\u0131n\u0131n \u00f6zg\u00fcrl\u00fck m\u00fccadelesine \u00f6nemli katk\u0131lar sunmakta ve olanaklar yaratmakta oldu\u011fundan, yak\u0131n gelece\u011fimizin temel belirleyenlerinden birisi haline geldi\u011fini;<br \/>\n-Ortado\u011funun yeniden \u015fekillendirilmesinin \u015fu anki merkezi durumunda olan Suriye\u2019nin uzun s\u00fcre mevcut karma\u015fay\u0131 ya\u015fayamayaca\u011f\u0131, eski durumuna da geri d\u00f6nemeyece\u011fi ger\u00e7e\u011fi i\u00e7erisinde Ulusumuzun oradaki par\u00e7as\u0131 fiilen kendi kendini y\u00f6netme hakk\u0131n\u0131 kendi ellerine alm\u0131\u015f oldu\u011fundan,her hal ve \u015fartta yeni harita \u015fekillendirilmesinde kendileri ve Ulusumuzun b\u00fct\u00fcn\u00fc ad\u0131na rol almalar\u0131n\u0131n ka\u00e7\u0131n\u0131lmazl\u0131\u011f\u0131n\u0131;<br \/>\n-Enerji kaynaklar\u0131n\u0131n ve buna ba\u011fl\u0131 olarak yak\u0131n co\u011frafyam\u0131z\u0131n yeniden dizayn edilli\u015finin son noktas\u0131 olacak olan \u0130ran\u2018 a s\u0131ra geldi\u011finde B\u00fcy\u00fck K\u00fcrdistan Federasyonunun da g\u00fcncelle\u015fece\u011fini ana konular olarak yeniden vurgulamak, g\u00f6r\u00fc\u015f ve tesbitlerini ba\u015fta halk\u0131m\u0131z ve onun politik \u00f6nc\u00fcleri ve ayd\u0131nlar\u0131 ile payla\u015fmak istemektedir.<br \/>\nVe MK miz ayr\u0131ca belitmek gere\u011fi duymaktad\u0131r ki:<br \/>\n-Kamuoyunda \u201e Oslo s\u00fcreci\u201c olarak bilinen a\u015famada Ulusal ve k\u00fclt\u00fcrel varl\u0131\u011f\u0131m\u0131z\u0131n inkar\u0131 s\u00fcreci bitti\u011fi gibi \u015fu an s\u00fcrmekte olan T.C ve PKK aras\u0131ndaki ate\u015fkes ve bar\u0131\u015f s\u00fcrecinde de siyasi inkar bitmi\u015ftir.<br \/>\n-Adland\u0131rmas\u0131, bi\u00e7imi ve d\u00fczeyi ne olursa olsun ( Federasyon, otonomi, \u00f6zerklik gibi) halk\u0131m\u0131z\u0131n kendi kendisini y\u00f6netme hakk\u0131, Ulus ve \u00fclke olarak varl\u0131\u011f\u0131m\u0131z\u0131n anayasal ve uluslar aras\u0131 g\u00fcvencelere ba\u011flanmas\u0131, Anadilde e\u011fitim ve kendi ad\u0131m\u0131za siyaset yapman\u0131n \u00f6n\u00fcndeki t\u00fcm engellerin kald\u0131r\u0131lmas\u0131 gibi temel istemlerimizle ilgili ortada ciddi bir ilerleme bulunmamaktad\u0131r.<br \/>\n-Bu temel taleplerin kar\u015f\u0131lanmam\u0131\u015f olmas\u0131na, esas yap\u0131lanmas\u0131 ve Ulusumuza kar\u015f\u0131 as\u0131l politikalar\u0131nda k\u00f6kl\u00fc de\u011fi\u015fimler olmam\u0131\u015f T.C\u2018 ne olan as\u0131rl\u0131k g\u00fcvensizlik de eklenince Halk\u0131m\u0131zda k\u0131smi tedirginlik, bekleyi\u015f, temkin ve morel d\u00fc\u015f\u00fc\u015f g\u00f6zlemlenmektedir.<br \/>\n-Toplumda g\u00f6zlemlenen bu hakl\u0131 kayg\u0131 ve tedirginliklere g\u00fcnl\u00fck politik kayg\u0131larla yap\u0131lan ajitasyon ve politik s\u00f6ylemler de etkide bulunmaktad\u0131r. Elbette g\u00fcncel kayg\u0131lar olacakt\u0131r ve bu kayg\u0131lar ajitasyona ve politik s\u00f6ylemlere de yans\u0131yacakt\u0131r; fakat her hassas s\u00fcre\u00e7te oldu\u011fu gibi bu hassas s\u00fcre\u00e7te de bi\u00e7imin \u00f6ne \u00e7\u0131kt\u0131\u011f\u0131 ger\u00e7e\u011fini unutmamam\u0131z gerekiyor.<br \/>\n-Mevcut s\u00fcre\u00e7 kendi ad\u0131m\u0131za siyaset yapman\u0131n \u00f6n\u00fcndeki yasal ve fiili engellerin tamamen ortadan kald\u0131r\u0131ld\u0131\u011f\u0131 bir noktaya ula\u015ft\u0131r\u0131labilirse \u2013 bu olanakl\u0131d\u0131r ama, Osmanl\u0131da oyunun \u00e7oklu\u011funu unutmadan- yukar\u0131da s\u0131ralad\u0131\u011f\u0131m\u0131z acil ve temel taleplerimizin kazan\u0131m\u0131n\u0131n konj\u00f6kt\u00fcrel, toplumsal ve siyasal g\u00fc\u00e7l\u00fc olanaklar\u0131 mevcuttur.<br \/>\nBu olanaklar kendili\u011finden ger\u00e7e\u011fe d\u00f6n\u00fc\u015fmeyece\u011fi ve kimsenin de bize l\u00fctufta bulunmas\u0131 d\u00fc\u015f\u00fcn\u00fclmeyece\u011fine g\u00f6re, \u00e7\u00f6z\u00fcm kendi ellerimizdedir: Tek tek par\u00e7alarda ve \u00dclke genelinde ulusal birli\u011fimizi sa\u011flamak ve K\u00fcrt ortak akl\u0131n\u0131 bir an \u00f6nce yaratmak zorunday\u0131z.<br \/>\nKKP MERKEZ KOM\u0130TES\u0130<br \/>\n15 May\u0131s 2013<\/p>\n","protected":false},"excerpt":{"rendered":"<p>Partiya Kominsta K\u00fcrdistan (KKP) Merkez Komitesi 15 May\u0131s 2013 tarihli mevcut siyasal s\u00fcreci de\u011ferlend\u0131rm\u0131\u015f ve sonucunu kamuoyu ile payla\u015fm\u0131\u015f. O tarihlerdeki tespitlerin ne kadar do\u011fru oldu\u011funu d\u00fc\u015f\u00fcnerek bir kez daha yay\u0131nlama gere\u011fi duyduk!! KKP MERKEZ KOM\u0130TES\u0130 A\u00c7IKLAMASI Merkez Komitemiz, \u00dclkemiz ve b\u00f6lgemizdeki son siyasi geli\u015fmeleri de\u011ferlendirmi\u015f ve; -2008 y\u0131l\u0131nda ba\u015flayan ve s\u00fcren kapitalizmin yeni krizinin &hellip;<\/p>\n","protected":false},"author":2,"featured_media":263,"comment_status":"closed","ping_status":"closed","sticky":false,"template":"","format":"standard","meta":[],"categories":[12,14,16],"tags":[],"_links":{"self":[{"href":"http:\/\/partiyakomunistekurdistan.org\/index.php?rest_route=\/wp\/v2\/posts\/927"}],"collection":[{"href":"http:\/\/partiyakomunistekurdistan.org\/index.php?rest_route=\/wp\/v2\/posts"}],"about":[{"href":"http:\/\/partiyakomunistekurdistan.org\/index.php?rest_route=\/wp\/v2\/types\/post"}],"author":[{"embeddable":true,"href":"http:\/\/partiyakomunistekurdistan.org\/index.php?rest_route=\/wp\/v2\/users\/2"}],"replies":[{"embeddable":true,"href":"http:\/\/partiyakomunistekurdistan.org\/index.php?rest_route=%2Fwp%2Fv2%2Fcomments&post=927"}],"version-history":[{"count":2,"href":"http:\/\/partiyakomunistekurdistan.org\/index.php?rest_route=\/wp\/v2\/posts\/927\/revisions"}],"predecessor-version":[{"id":929,"href":"http:\/\/partiyakomunistekurdistan.org\/index.php?rest_route=\/wp\/v2\/posts\/927\/revisions\/929"}],"wp:featuredmedia":[{"embeddable":true,"href":"http:\/\/partiyakomunistekurdistan.org\/index.php?rest_route=\/wp\/v2\/media\/263"}],"wp:attachment":[{"href":"http:\/\/partiyakomunistekurdistan.org\/index.php?rest_route=%2Fwp%2Fv2%2Fmedia&parent=927"}],"wp:term":[{"taxonomy":"category","embeddable":true,"href":"http:\/\/partiyakomunistekurdistan.org\/index.php?rest_route=%2Fwp%2Fv2%2Fcategories&post=927"},{"taxonomy":"post_tag","embeddable":true,"href":"http:\/\/partiyakomunistekurdistan.org\/index.php?rest_route=%2Fwp%2Fv2%2Ftags&post=927"}],"curies":[{"name":"wp","href":"https:\/\/api.w.org\/{rel}","templated":true}]}}