{"id":990,"date":"2020-04-18T14:43:22","date_gmt":"2020-04-18T12:43:22","guid":{"rendered":"http:\/\/partiyakomunistekurdistan.org\/?p=990"},"modified":"2020-04-18T14:43:22","modified_gmt":"2020-04-18T12:43:22","slug":"mahmur-muelteci-kampina-yoenelik-saldirilari-lanetliyoruz","status":"publish","type":"post","link":"http:\/\/partiyakomunistekurdistan.org\/?p=990","title":{"rendered":"MAHMUR M\u00dcLTEC\u0130 KAMPINA Y\u00d6NEL\u0130K SALDIRILARI LANETL\u0130YORUZ!"},"content":{"rendered":"<p>MAHMUR M\u00dcLTEC\u0130 KAMPINA Y\u00d6NEL\u0130K SALDIRILARI LANETL\u0130YORUZ!<br \/>\nT\u00fcrk Devleti insans\u0131z hava ara\u00e7lar\u0131 ile 7 Temmuz 2019\u2019dan bu yana ambargo uygulanan Mahmur M\u00fclteci Kamp\u0131\u2019na y\u00f6nelik sald\u0131r\u0131da bulundu. Kamp\u0131n bah\u00e7elerinin bulundu\u011fu alanlar\u0131 bombalayarak Ey\u015f\u00f6 Ehmed Ferhan, Ezime Akdo\u011fan ve Hawa Akdo\u011fan isimli \u00fc\u00e7 kad\u0131n m\u00fcltecinin \u00f6l\u00fcm\u00fcne sebep oldu.<br \/>\nT.C. devletinin cumhurba\u015fkan\u0131 ba\u015fta olmak \u00fczere bir\u00e7ok yetkilisi her f\u0131rsatta Mahmur M\u00fclteci Kamp\u0131n\u0131 hedefe koyacak a\u00e7\u0131klamalarda bulunuyorlar. T.C. cumhurba\u015fkan\u0131n s\u00f6yledi\u011fi \u201cMahmur \u00e7ok \u00f6nemli, oray\u0131 da vurabiliriz. \u00c7\u00fcnk\u00fc b\u00f6l\u00fcc\u00fc vatan hainlerinin merkezi&#8221; s\u00f6zleri ile kampa y\u00f6nelik ambargo ve sald\u0131r\u0131lar s\u00fcrmeye devam etmektedir. Oysa Mahmur BM\u2019nin denetiminde 12 bin sivilin ya\u015fad\u0131\u011f\u0131 bir yerdir. Ba\u015fta BM olmak \u00fczere uluslararas\u0131 kurumlar\u0131n sessizli\u011fi bu katliama onay vermektedir. BM denetimindeki Mahmura yap\u0131lan sald\u0131r\u0131 kar\u015f\u0131s\u0131ndaki uluslararas\u0131 kurumlar\u0131n sessizli\u011fini k\u0131n\u0131yoruz ve acilen tedbir almaya \u00e7a\u011f\u0131r\u0131yoruz.<br \/>\nAmbargodan kaynakl\u0131 zor g\u00fcnler ge\u00e7iren kamp, ya\u015fanan salg\u0131ndan dolay\u0131 da bir tehdit alt\u0131ndayken yap\u0131lan sald\u0131r\u0131 tam da TC\u2019nin niteli\u011fine uygun bir durumu i\u015faret etmi\u015ftir. G\u0131da, temizlik ve ila\u00e7 stoklar\u0131n\u0131n t\u00fckenme a\u015famas\u0131na geldi\u011fi kampta, ya\u015fam ko\u015fullar\u0131 giderek a\u011f\u0131rla\u015fmaktad\u0131r. 9 ay\u0131 a\u015fan ambargo s\u00fcrecinde t\u00fcm yard\u0131mlar durdurulmu\u015f durumda. Yard\u0131m kurulu\u015flar\u0131na izin verilmemekte. En temel ihtiya\u00e7 malzemelerinin bu ambargo ile kampa ula\u015fmas\u0131n\u0131 engelleyen TC, sald\u0131r\u0131lar\u0131na devam ederek burada bir katliama neden olmak istemektedir. M\u00fclteci kamp\u0131nda bulunanlar\u0131n ya\u015fam hakk\u0131 yok say\u0131lmaktad\u0131r.<br \/>\nAvrupa Demokratik G\u00fc\u00e7 Birli\u011fi olarak; T\u00fcrk Devletinin fa\u015fist askeri sald\u0131r\u0131lar\u0131n\u0131 bir kez daha k\u0131n\u0131yoruz. K\u00fcrtlerin ya\u015fam hakk\u0131na son raddesine kadar sald\u0131rmay\u0131 kendisine hak g\u00f6ren bu fa\u015fist anlay\u0131\u015fa kar\u015f\u0131, devrimci-demokrat ve yurtsever g\u00fc\u00e7ler olarak sessiz kalmayaca\u011f\u0131m\u0131z\u0131 belirtirken, halklar\u0131m\u0131z\u0131n ve demokratik kamuoyunun da bu sald\u0131r\u0131lara kar\u015f\u0131 sesini y\u00fckseltmesini istiyoruz.<br \/>\nMahmur Kamp\u0131na Y\u00f6nelik Fa\u015fist Lanetliyoruz! Mahmur Kamp\u0131na Y\u00f6nelik Ambargo Kald\u0131r\u0131ls\u0131n!<br \/>\n17 Nisan 2020 AVRUPA DEMOKRAT\u0130K G\u00dc\u00c7 B\u0130RL\u0130\u011e\u0130<\/p>\n","protected":false},"excerpt":{"rendered":"<p>MAHMUR M\u00dcLTEC\u0130 KAMPINA Y\u00d6NEL\u0130K SALDIRILARI LANETL\u0130YORUZ! T\u00fcrk Devleti insans\u0131z hava ara\u00e7lar\u0131 ile 7 Temmuz 2019\u2019dan bu yana ambargo uygulanan Mahmur M\u00fclteci Kamp\u0131\u2019na y\u00f6nelik sald\u0131r\u0131da bulundu. Kamp\u0131n bah\u00e7elerinin bulundu\u011fu alanlar\u0131 bombalayarak Ey\u015f\u00f6 Ehmed Ferhan, Ezime Akdo\u011fan ve Hawa Akdo\u011fan isimli \u00fc\u00e7 kad\u0131n m\u00fcltecinin \u00f6l\u00fcm\u00fcne sebep oldu. T.C. devletinin cumhurba\u015fkan\u0131 ba\u015fta olmak \u00fczere bir\u00e7ok yetkilisi her f\u0131rsatta &hellip;<\/p>\n","protected":false},"author":2,"featured_media":575,"comment_status":"closed","ping_status":"closed","sticky":false,"template":"","format":"standard","meta":[],"categories":[12,13],"tags":[],"_links":{"self":[{"href":"http:\/\/partiyakomunistekurdistan.org\/index.php?rest_route=\/wp\/v2\/posts\/990"}],"collection":[{"href":"http:\/\/partiyakomunistekurdistan.org\/index.php?rest_route=\/wp\/v2\/posts"}],"about":[{"href":"http:\/\/partiyakomunistekurdistan.org\/index.php?rest_route=\/wp\/v2\/types\/post"}],"author":[{"embeddable":true,"href":"http:\/\/partiyakomunistekurdistan.org\/index.php?rest_route=\/wp\/v2\/users\/2"}],"replies":[{"embeddable":true,"href":"http:\/\/partiyakomunistekurdistan.org\/index.php?rest_route=%2Fwp%2Fv2%2Fcomments&post=990"}],"version-history":[{"count":1,"href":"http:\/\/partiyakomunistekurdistan.org\/index.php?rest_route=\/wp\/v2\/posts\/990\/revisions"}],"predecessor-version":[{"id":991,"href":"http:\/\/partiyakomunistekurdistan.org\/index.php?rest_route=\/wp\/v2\/posts\/990\/revisions\/991"}],"wp:featuredmedia":[{"embeddable":true,"href":"http:\/\/partiyakomunistekurdistan.org\/index.php?rest_route=\/wp\/v2\/media\/575"}],"wp:attachment":[{"href":"http:\/\/partiyakomunistekurdistan.org\/index.php?rest_route=%2Fwp%2Fv2%2Fmedia&parent=990"}],"wp:term":[{"taxonomy":"category","embeddable":true,"href":"http:\/\/partiyakomunistekurdistan.org\/index.php?rest_route=%2Fwp%2Fv2%2Fcategories&post=990"},{"taxonomy":"post_tag","embeddable":true,"href":"http:\/\/partiyakomunistekurdistan.org\/index.php?rest_route=%2Fwp%2Fv2%2Ftags&post=990"}],"curies":[{"name":"wp","href":"https:\/\/api.w.org\/{rel}","templated":true}]}}